{"id":105776,"date":"2019-09-09T19:40:36","date_gmt":"2019-09-09T17:40:36","guid":{"rendered":"https:\/\/zjarr.tv\/?p=105776"},"modified":"2019-09-09T15:58:07","modified_gmt":"2019-09-09T13:58:07","slug":"hong-kong-solidarizohen-edhe-studentet","status":"publish","type":"post","link":"https:\/\/zjarr.tv\/en\/hong-kong-solidarizohen-edhe-studentet\/","title":{"rendered":"Hong Kong, solidarizohen edhe student\u00ebt"},"content":{"rendered":"<p><em>Protestave 14-javore n\u00eb Hong Kong iu bashkuan t\u00eb h\u00ebn\u00ebn student\u00eb dhe nx\u00ebn\u00ebs nga shumica e shkollave t\u00eb vendit. Ata apeluan p\u00ebr plot\u00ebsimin e pes\u00eb k\u00ebrkesave q\u00eb do i siguronin qytetit m\u00eb shum\u00eb autonomi nga Kina.<\/em><\/p>\n<p>Mij\u00ebra student\u00eb t\u00eb Hong Kongut u kap\u00ebn t\u00eb h\u00ebn\u00ebn dor\u00eb m\u00eb dor\u00eb me nj\u00ebri-tjetrin p\u00ebr t&#8217;u solidarizuar me protestat antiqeveritare t\u00eb tre muajve t\u00eb fundit.<\/p>\n<p>T\u00eb pajisur me postera ku paraqiteshin k\u00ebrkesat kryesore drejtuar qeveris\u00eb, student\u00ebt apeluan autoritetet t\u00eb p\u00ebrmbushin zotimet p\u00ebr liri, respektimin e t\u00eb drejtave t\u00eb njeriut dhe sundimin e ligjit.<\/p>\n<p><em>&#8220;Nuk kemi p\u00ebr t&#8217;u dor\u00ebzuar asnj\u00ebher\u00eb sepse po b\u00ebm\u00eb nj\u00eb hap pas, do t\u00eb humbasim p\u00ebrgjithmon\u00eb. Ne do e vazhdojm\u00eb dhe p\u00ebrshkall\u00ebzojm\u00eb aksionin ton\u00eb,&#8221; deklaroi nj\u00eb studente e e territorit gjysmautonom kinez.<\/em><\/p>\n<p>P\u00ebrve\u00e7 t\u00ebrheqjes s\u00eb projektligjit p\u00ebr ekstradimet q\u00eb tashme \u00ebsht\u00eb arritur, protestuesit k\u00ebrkojn\u00eb t\u00eb drejt\u00ebn e zgjedhjes s\u00eb kryetarit t\u00eb vendit, hetim t\u00eb pavarur mbi dhun\u00ebn e ushtruar nga policia, lirimin pa kusht t\u00eb mbi 1,200 t\u00eb arrestuarve prej muajit qershor, si edhe moskarakterizimin e protestave si revolt\u00eb popullore.<\/p>\n<p>Nj\u00eb dit\u00eb m\u00eb par\u00eb, aktivist\u00ebt i drejtuan k\u00ebto k\u00ebrkesa p\u00ebrpara konsullat\u00ebs amerikane n\u00eb Hongkong, duke i b\u00ebr\u00eb thirrje madje presidentit Donald Trump t&#8217;i b\u00ebj\u00eb rezistenc\u00eb Pekinit dhe ta \u00e7liroj\u00eb vendin nga Kina.<\/p>\n<p>Protesta u shoq\u00ebrua edhe me akte vandale dhe p\u00ebrplasje me policin\u00eb.<\/p>\n<p>Qeveria e Hong Kongut por edhe Kina kan\u00eb refuzuar \u00e7do nd\u00ebrhyrje t\u00eb fuqive t\u00eb huaja n\u00eb pun\u00ebt e brendshme t\u00eb vendit.<\/p>\n<p>Nga ana e tyre, SHBA-ja dhe Bashkimi Europian kan\u00eb apeluar pal\u00ebt t\u00eb ulen n\u00eb negociata p\u00ebr t\u00eb sheshuar mosmarr\u00ebveshjet q\u00eb vazhdojn\u00eb prej t\u00eb pakt\u00ebn 14 jav\u00ebsh.<\/p>","protected":false},"excerpt":{"rendered":"<p>Protestave 14-javore n\u00eb Hong Kong iu bashkuan t\u00eb h\u00ebn\u00ebn student\u00eb dhe nx\u00ebn\u00ebs nga shumica e shkollave t\u00eb vendit. Ata apeluan p\u00ebr plot\u00ebsimin e pes\u00eb k\u00ebrkesave q\u00eb do i siguronin qytetit m\u00eb shum\u00eb autonomi nga Kina. Mij\u00ebra student\u00eb t\u00eb Hong Kongut u kap\u00ebn t\u00eb h\u00ebn\u00ebn dor\u00eb m\u00eb dor\u00eb me nj\u00ebri-tjetrin p\u00ebr t&#8217;u solidarizuar me protestat antiqeveritare [&hellip;]<\/p>\n","protected":false},"author":2013,"featured_media":105777,"comment_status":"open","ping_status":"closed","sticky":false,"template":"","format":"standard","meta":{"footnotes":""},"categories":[241,191],"tags":[],"class_list":{"0":"post-105776","1":"post","2":"type-post","3":"status-publish","4":"format-standard","5":"has-post-thumbnail","7":"category-aktualitet","8":"category-bota"},"_links":{"self":[{"href":"https:\/\/zjarr.tv\/en\/wp-json\/wp\/v2\/posts\/105776","targetHints":{"allow":["GET"]}}],"collection":[{"href":"https:\/\/zjarr.tv\/en\/wp-json\/wp\/v2\/posts"}],"about":[{"href":"https:\/\/zjarr.tv\/en\/wp-json\/wp\/v2\/types\/post"}],"author":[{"embeddable":true,"href":"https:\/\/zjarr.tv\/en\/wp-json\/wp\/v2\/users\/2013"}],"replies":[{"embeddable":true,"href":"https:\/\/zjarr.tv\/en\/wp-json\/wp\/v2\/comments?post=105776"}],"version-history":[{"count":0,"href":"https:\/\/zjarr.tv\/en\/wp-json\/wp\/v2\/posts\/105776\/revisions"}],"wp:featuredmedia":[{"embeddable":true,"href":"https:\/\/zjarr.tv\/en\/wp-json\/wp\/v2\/media\/105777"}],"wp:attachment":[{"href":"https:\/\/zjarr.tv\/en\/wp-json\/wp\/v2\/media?parent=105776"}],"wp:term":[{"taxonomy":"category","embeddable":true,"href":"https:\/\/zjarr.tv\/en\/wp-json\/wp\/v2\/categories?post=105776"},{"taxonomy":"post_tag","embeddable":true,"href":"https:\/\/zjarr.tv\/en\/wp-json\/wp\/v2\/tags?post=105776"}],"curies":[{"name":"wp","href":"https:\/\/api.w.org\/{rel}","templated":true}]}}