{"id":105930,"date":"2019-09-10T15:27:49","date_gmt":"2019-09-10T13:27:49","guid":{"rendered":"https:\/\/zjarr.tv\/?p=105930"},"modified":"2019-09-10T15:27:49","modified_gmt":"2019-09-10T13:27:49","slug":"meta-kenaqesi-te-prisja-nje-perfaqesi-te-komisionit-te-venecias","status":"publish","type":"post","link":"https:\/\/zjarr.tv\/en\/meta-kenaqesi-te-prisja-nje-perfaqesi-te-komisionit-te-venecias\/","title":{"rendered":"Meta: K\u00ebnaq\u00ebsi t\u00eb prisja nj\u00eb p\u00ebrfaq\u00ebsi t\u00eb Komisionit t\u00eb Venecias"},"content":{"rendered":"<p>Presidenti Ilir Meta ka pritur sot n\u00eb takim, delegacionin e Komisionit t\u00eb Venecias,\u00a0i cili ka ardhur n\u00eb Shqip\u00ebri p\u00ebr t\u00eb mbledhur fakte dhe dh\u00ebn\u00eb opinion n\u00ebse Ilir Meta e ka shkelur Kushtetut\u00ebn me\u00a0\u00e7dekretimin e zgjedhjeve t\u00eb 30 Qershorit. Ky\u00a0opinion iu\u00a0k\u00ebrkua nd\u00ebrkomb\u00ebtar\u00ebve, nga mazhoranca n\u00eb parlament,\u00a0n\u00eb kuadrin e procesit q\u00eb ajo ka nisur p\u00ebr shkarkimin e kreut t\u00eb shtetit.<\/p>\n<p>Metavet\u00eb\u00a0 shkroi n\u00eb Twitter pas takimit\u00a0 se qe &#8220;k\u00ebnaq\u00ebsi t\u00eb prisja sot nj\u00eb p\u00ebrfaq\u00ebsi t\u00eb Komisionit t\u00eb Venecias. N\u00ebse do t\u00eb ishin respektuar rekomandimet e tyre n\u00eb t\u00eb kaluar\u00ebn, Shqip\u00ebria kurr\u00eb nuk do t\u00eb ishte n\u00eb k\u00ebt\u00eb situat\u00eb,&#8221; ka theksuar ai n\u00eb p\u00ebrfundim.<\/p>","protected":false},"excerpt":{"rendered":"<p>Presidenti Ilir Meta ka pritur sot n\u00eb takim, delegacionin e Komisionit t\u00eb Venecias,\u00a0i cili ka ardhur n\u00eb Shqip\u00ebri p\u00ebr t\u00eb mbledhur fakte dhe dh\u00ebn\u00eb opinion n\u00ebse Ilir Meta e ka shkelur Kushtetut\u00ebn me\u00a0\u00e7dekretimin e zgjedhjeve t\u00eb 30 Qershorit. Ky\u00a0opinion iu\u00a0k\u00ebrkua nd\u00ebrkomb\u00ebtar\u00ebve, nga mazhoranca n\u00eb parlament,\u00a0n\u00eb kuadrin e procesit q\u00eb ajo ka nisur p\u00ebr shkarkimin e [&hellip;]<\/p>\n","protected":false},"author":2013,"featured_media":105897,"comment_status":"open","ping_status":"closed","sticky":false,"template":"","format":"standard","meta":{"footnotes":""},"categories":[241,235],"tags":[],"class_list":{"0":"post-105930","1":"post","2":"type-post","3":"status-publish","4":"format-standard","5":"has-post-thumbnail","7":"category-aktualitet","8":"category-vendi"},"_links":{"self":[{"href":"https:\/\/zjarr.tv\/en\/wp-json\/wp\/v2\/posts\/105930","targetHints":{"allow":["GET"]}}],"collection":[{"href":"https:\/\/zjarr.tv\/en\/wp-json\/wp\/v2\/posts"}],"about":[{"href":"https:\/\/zjarr.tv\/en\/wp-json\/wp\/v2\/types\/post"}],"author":[{"embeddable":true,"href":"https:\/\/zjarr.tv\/en\/wp-json\/wp\/v2\/users\/2013"}],"replies":[{"embeddable":true,"href":"https:\/\/zjarr.tv\/en\/wp-json\/wp\/v2\/comments?post=105930"}],"version-history":[{"count":0,"href":"https:\/\/zjarr.tv\/en\/wp-json\/wp\/v2\/posts\/105930\/revisions"}],"wp:featuredmedia":[{"embeddable":true,"href":"https:\/\/zjarr.tv\/en\/wp-json\/wp\/v2\/media\/105897"}],"wp:attachment":[{"href":"https:\/\/zjarr.tv\/en\/wp-json\/wp\/v2\/media?parent=105930"}],"wp:term":[{"taxonomy":"category","embeddable":true,"href":"https:\/\/zjarr.tv\/en\/wp-json\/wp\/v2\/categories?post=105930"},{"taxonomy":"post_tag","embeddable":true,"href":"https:\/\/zjarr.tv\/en\/wp-json\/wp\/v2\/tags?post=105930"}],"curies":[{"name":"wp","href":"https:\/\/api.w.org\/{rel}","templated":true}]}}