{"id":105932,"date":"2019-09-10T15:28:29","date_gmt":"2019-09-10T13:28:29","guid":{"rendered":"https:\/\/zjarr.tv\/?p=105932"},"modified":"2019-09-10T15:28:29","modified_gmt":"2019-09-10T13:28:29","slug":"bardhi-kemi-prova-per-mark-babanin-se-shpejti-dalin-emra-te-tjere-te-inkriminuar","status":"publish","type":"post","link":"https:\/\/zjarr.tv\/en\/bardhi-kemi-prova-per-mark-babanin-se-shpejti-dalin-emra-te-tjere-te-inkriminuar\/","title":{"rendered":"Bardhi: Kemi prova p\u00ebr Mark Babanin, s\u00eb shpejti dalin emra t\u00eb tjer\u00eb t\u00eb inkriminuar"},"content":{"rendered":"<p>Sekretari i P\u00ebrgjithsh\u00ebm i PD, Gazment Bardhi garantoi opinionin publik se do t\u00eb b\u00ebj\u00eb transparenc\u00eb t\u00eb plot\u00eb p\u00ebr rastin e kandidatit t\u00eb Edi Ram\u00ebs p\u00ebr bashkin\u00eb e Vaut t\u00eb Dej\u00ebs, Mark Babani.<\/p>\n<p>I ftuar n\u00eb studion e A2 CNN, Bardhi tha se i zgjedhuri i Ram\u00ebs \u00ebsht\u00eb i dyshuar p\u00ebr akuza q\u00eb skan\u00eb t\u00eb b\u00ebjn\u00eb me biznesin, por me probleme t\u00eb r\u00ebnda penale n\u00eb t\u00eb shkuar\u00ebn.<\/p>\n<p>\u201cAjo q\u00eb un\u00eb garantoj \u00ebsht\u00eb se zot\u00ebria, \u00ebsht\u00eb e v\u00ebrtet\u00eb q\u00eb nuk ka asnj\u00eb gjob\u00eb ndoshta, por akuza s\u2019ka t\u00eb b\u00ebj\u00eb me biznesin por ka t\u00eb b\u00ebj\u00eb me probleme t\u00eb r\u00ebnda n\u00eb t\u00eb kaluar\u00ebn me ligjin penal. T\u00eb pakt\u00ebn n\u00eb dy shtete, Itali dhe Maqedoni e Veriut. Ne n\u00eb dit\u00ebt n\u00eb vijim do ti b\u00ebjm\u00eb transparenc\u00eb opinionit publik lidhur me k\u00ebt\u00eb rast\u201d, deklaroi Bardhi<\/p>\n<div id=\"rekl-13\">\n<div id=\"__sap-ad-15\" class=\"__sap-ads __sap-html tracked\" data-title=\"Credins desktop 08\"><\/div>\n<\/div>\n<p><strong>Po a i ka pasur k\u00ebt\u00eb t\u00eb dh\u00ebna Partia Demokratike para 30 qershorit?<\/strong><\/p>\n<p>\u201cNuk i kemi pasur k\u00ebto t\u00eb dh\u00ebna para 30 qershorit. N\u00ebse do ti kishim para 30 qershorit do ti kishim b\u00ebr\u00eb publike para 30 qershorit. Ne momentin q\u00eb kemi v\u00ebrtetuar n\u00eb m\u00ebnyr\u00eb t\u00eb pakund\u00ebrshtueshme q\u00eb nj\u00eb kandidat p\u00ebr kryetar bashkie dhe \u00ebsht\u00eb subjekt i ligjit t\u00eb dekriminalizimit kemi b\u00ebr\u00eb transparenc\u00eb. N\u00ebse do t\u00eb kishim p\u00ebrpara 30 qershorit do ti kishim b\u00ebr\u00eb ato publike\u201d, &#8211; u shpreh numri dy i PD<\/p>\n<p>Bardhi pranoi se t\u00eb dh\u00ebnat p\u00ebr kandidat\u00ebt e Ram\u00ebs jan\u00eb marr\u00eb n\u00eb rrug\u00eb jozyrtare, por garantoi se \u00e7do prov\u00eb ndaj tyre \u00ebsht\u00eb autentike dhe e siguruar n\u00eb m\u00ebnyr\u00eb t\u00eb ligj\u00ebshme.<\/p>\n<p>\u201cNe kemi pranuar dhe pranojm\u00eb se informacionet i kemi marr\u00eb n\u00eb rrug\u00eb jozyrtare, n\u00eb rrug\u00eb zyrtare i ka marr\u00eb vet\u00ebm kryeministri q\u00eb i mban n\u00eb sirtar\u00ebt e tij. Kjo do t\u00eb thot\u00eb se \u00e7do material \u00ebsht\u00eb autentik dhe \u00ebsht\u00eb marr\u00eb n\u00eb form\u00eb t\u00eb ligj\u00ebshme. Shqip\u00ebria ka miq t\u00eb shk\u00eblqyer, ka miq n\u00eb t\u00eb gjith\u00eb bot\u00ebn q\u00eb duan q\u00eb krimi i organizuar t\u00eb mos marr\u00eb pushtetet t\u00eb inkriminuar n\u00eb Shqip\u00ebri. Partner\u00ebt nd\u00ebrkomb\u00ebtar\u00eb na kan\u00eb ndihmuar. Ju duhet t\u00eb dini se un\u00eb nuk kam akses n\u00eb sistemet e mbajtjes s\u00eb t\u00eb dh\u00ebnave kriminale n\u00eb Itali, Gjermani, Holand\u00eb.\u201d, siguroi sekretari i p\u00ebrgjithsh\u00ebm demokrat.<\/p>\n<p>Duke u bazuar n\u00eb t\u00eb dh\u00ebnat q\u00eb ka n\u00eb verifikim nga selia blu, Bardhi konfirmoi se Babani nuk \u00ebsht\u00eb rasti i fundit q\u00eb ka probleme me ligjin penal.<\/p>\n<p>\u201cZot\u00ebria (Mark Babani) nuk \u00ebsht\u00eb I fundit, kemi raste t\u00eb tjera n\u00eb verifikim. Kemi mbledhur dhe mbledhim informacioni \u00e7do dit\u00eb p\u00ebr kandidat\u00ebt e PS n\u00eb bashkt\u00eb e tjera dhe b\u00ebjm\u00eb publik at\u00eb q\u00eb \u00ebsht\u00eb e verifikuar. Nuk \u00ebsht\u00eb nj\u00eb i kat\u00ebrt, jan\u00eb m\u00eb shum\u00eb se nj\u00eb i kat\u00ebr. Ka indicia t\u00eb forta p\u00ebr disa kandidat\u00eb. Jemi n\u00eb pritje t\u00eb informacioneve\u201d<\/p>\n<p>P\u00ebr rastin Kajmaku Bardhi konfirmoi se deri n\u00eb k\u00ebt\u00eb moment prokuroria nuk e ka p\u00ebrmbushur detyrimin p\u00ebr t\u00eb dh\u00ebn\u00eb sqarime n\u00eb lidhje me mosmarrjen e shenjave t\u00eb gishtave t\u00eb persnonit n\u00ebn verifikim.<\/p>\n<p>\u201cQ\u00ebllimi primar i prokuroris\u00eb \u00ebsht\u00eb t\u00eb marr\u00eb n\u00eb mbrojtje k\u00ebta persona.\u00a0 P\u00ebr Agim Kajmakun, n\u00eb zbatim t\u00eb ligjit, me 4 shtator prokuroria duhet t\u00eb kishte kryer veprimet ndaj tij n\u00eb baz\u00eb t\u00eb ligjit dhe ai do t\u00eb duhet t\u00eb largohej nga zyra e bashkis\u00eb s\u00eb Vor\u00ebs\u201d, tha Bardhi.<\/p>\n<p>Numri dy i Partis\u00eb Demokratike rr\u00ebzoi pretendimet e kryeministrit Rama se p\u00ebr shkak t\u00eb koh\u00ebs nuk \u00ebsht\u00eb b\u00ebr\u00eb dot i mundur ndryshimi i Kodit Zgjedhor p\u00ebr t\u00eb forcuar sit\u00ebn e verifikimit p\u00ebr personat e inkriminuar.<\/p>\n<p>\u201cLigji \u00ebsht\u00eb i qart\u00eb, \u00e7do kryetar partie mund t\u00eb k\u00ebrkoj\u00eb verifikimin e nj\u00eb kandidati potencial edhe n\u00eb periudh\u00eb jo zgjedhore. Pra Edi Rama ka pasur gjith\u00eb mund\u00ebsin\u00eb ligjore t\u00eb k\u00ebrkoj\u00eb informacione dhe t\u00eb verifikoj\u00eb t\u00eb zgjedhurit e tij p\u00ebr bashki. Un\u00eb disponoj t\u00eb gjith\u00eb komunikimet e strukturave t\u00eb PS ku provohet se ata i kan\u00eb ditur k\u00ebto probleme t\u00eb kandidat\u00ebve dhe k\u00ebto probleme me ligjin kan\u00eb q\u00ebn\u00eb objekt diskutimi n\u00eb mbledhjet e strukturave t\u00eb PS. Pra rama me vet\u00ebdije nuk e ka zbatuar k\u00ebt\u00eb t\u00eb drejt\u00eb ligjore duke kandiduar q\u00ebllimisht persona me lidhje kriminale p\u00ebr kryetar bashkie\u201d, deklaroi gjat\u00eb bised\u00ebs n\u00eb studion e A2 CNN, Sekretari i P\u00ebrgjithsh\u00ebm i PD, Gazment Bardhi.<\/p>","protected":false},"excerpt":{"rendered":"<p>Sekretari i P\u00ebrgjithsh\u00ebm i PD, Gazment Bardhi garantoi opinionin publik se do t\u00eb b\u00ebj\u00eb transparenc\u00eb t\u00eb plot\u00eb p\u00ebr rastin e kandidatit t\u00eb Edi Ram\u00ebs p\u00ebr bashkin\u00eb e Vaut t\u00eb Dej\u00ebs, Mark Babani. I ftuar n\u00eb studion e A2 CNN, Bardhi tha se i zgjedhuri i Ram\u00ebs \u00ebsht\u00eb i dyshuar p\u00ebr akuza q\u00eb skan\u00eb t\u00eb b\u00ebjn\u00eb [&hellip;]<\/p>\n","protected":false},"author":2013,"featured_media":68756,"comment_status":"open","ping_status":"closed","sticky":false,"template":"","format":"standard","meta":{"footnotes":""},"categories":[241,235],"tags":[],"class_list":{"0":"post-105932","1":"post","2":"type-post","3":"status-publish","4":"format-standard","5":"has-post-thumbnail","7":"category-aktualitet","8":"category-vendi"},"_links":{"self":[{"href":"https:\/\/zjarr.tv\/en\/wp-json\/wp\/v2\/posts\/105932","targetHints":{"allow":["GET"]}}],"collection":[{"href":"https:\/\/zjarr.tv\/en\/wp-json\/wp\/v2\/posts"}],"about":[{"href":"https:\/\/zjarr.tv\/en\/wp-json\/wp\/v2\/types\/post"}],"author":[{"embeddable":true,"href":"https:\/\/zjarr.tv\/en\/wp-json\/wp\/v2\/users\/2013"}],"replies":[{"embeddable":true,"href":"https:\/\/zjarr.tv\/en\/wp-json\/wp\/v2\/comments?post=105932"}],"version-history":[{"count":0,"href":"https:\/\/zjarr.tv\/en\/wp-json\/wp\/v2\/posts\/105932\/revisions"}],"wp:featuredmedia":[{"embeddable":true,"href":"https:\/\/zjarr.tv\/en\/wp-json\/wp\/v2\/media\/68756"}],"wp:attachment":[{"href":"https:\/\/zjarr.tv\/en\/wp-json\/wp\/v2\/media?parent=105932"}],"wp:term":[{"taxonomy":"category","embeddable":true,"href":"https:\/\/zjarr.tv\/en\/wp-json\/wp\/v2\/categories?post=105932"},{"taxonomy":"post_tag","embeddable":true,"href":"https:\/\/zjarr.tv\/en\/wp-json\/wp\/v2\/tags?post=105932"}],"curies":[{"name":"wp","href":"https:\/\/api.w.org\/{rel}","templated":true}]}}