{"id":105940,"date":"2019-09-10T15:32:49","date_gmt":"2019-09-10T13:32:49","guid":{"rendered":"https:\/\/zjarr.tv\/?p=105940"},"modified":"2019-09-10T15:32:49","modified_gmt":"2019-09-10T13:32:49","slug":"rama-motivon-kombetaren-gjithnje-kuqezi","status":"publish","type":"post","link":"https:\/\/zjarr.tv\/en\/rama-motivon-kombetaren-gjithnje-kuqezi\/","title":{"rendered":"Rama motivon Komb\u00ebtaren: Gjithnj\u00eb kuqezi"},"content":{"rendered":"<p>Kryeministri Edi Rama ka ndjekur sot nga af\u00ebr st\u00ebrvitjen e futbollist\u00ebve t\u00eb Komb\u00ebtares Shqiptare , t\u00eb cil\u00ebt kan\u00eb ndezur motor\u00ebt n\u00eb sfid\u00ebn e sot\u00ebm kund\u00ebr Island\u00ebs, ndeshjen e vlefshme p\u00ebr \u201cEuro 2020\u201d.<\/p>\n<p>Me nj\u00eb sh\u00ebnim n\u00eb \u201cFacebook\u201d, shefi i qeveris\u00eb\u00a0 ka shp\u00ebrndar\u00eb nj\u00eb mesazh t\u00eb koduar, nd\u00ebrsa thekson se Komb\u00ebtarja nuk duhet mb\u00ebshtetur vet\u00ebm kur triumfon.<\/p>\n<div id=\"pa_1x1_psbk_1568122339148\"><\/div>\n<p>\u201cKur fitojn\u00eb mbajn\u00eb radh\u00eb t\u00eb t\u00eb tregojn\u00eb sa t\u00eb duan, kur humbet e ke ti radh\u00ebn t\u2019u tregosh se sa vlen\ud83d\ude0a<\/p>\n<p>#Gjithnj\u00ebKuqezi\ud83c\udde6\ud83c\uddf1\u201d<\/p>","protected":false},"excerpt":{"rendered":"<p>Kryeministri Edi Rama ka ndjekur sot nga af\u00ebr st\u00ebrvitjen e futbollist\u00ebve t\u00eb Komb\u00ebtares Shqiptare , t\u00eb cil\u00ebt kan\u00eb ndezur motor\u00ebt n\u00eb sfid\u00ebn e sot\u00ebm kund\u00ebr Island\u00ebs, ndeshjen e vlefshme p\u00ebr \u201cEuro 2020\u201d. Me nj\u00eb sh\u00ebnim n\u00eb \u201cFacebook\u201d, shefi i qeveris\u00eb\u00a0 ka shp\u00ebrndar\u00eb nj\u00eb mesazh t\u00eb koduar, nd\u00ebrsa thekson se Komb\u00ebtarja nuk duhet mb\u00ebshtetur vet\u00ebm kur [&hellip;]<\/p>\n","protected":false},"author":2013,"featured_media":105941,"comment_status":"open","ping_status":"closed","sticky":false,"template":"","format":"standard","meta":{"footnotes":""},"categories":[241,235],"tags":[],"class_list":{"0":"post-105940","1":"post","2":"type-post","3":"status-publish","4":"format-standard","5":"has-post-thumbnail","7":"category-aktualitet","8":"category-vendi"},"_links":{"self":[{"href":"https:\/\/zjarr.tv\/en\/wp-json\/wp\/v2\/posts\/105940","targetHints":{"allow":["GET"]}}],"collection":[{"href":"https:\/\/zjarr.tv\/en\/wp-json\/wp\/v2\/posts"}],"about":[{"href":"https:\/\/zjarr.tv\/en\/wp-json\/wp\/v2\/types\/post"}],"author":[{"embeddable":true,"href":"https:\/\/zjarr.tv\/en\/wp-json\/wp\/v2\/users\/2013"}],"replies":[{"embeddable":true,"href":"https:\/\/zjarr.tv\/en\/wp-json\/wp\/v2\/comments?post=105940"}],"version-history":[{"count":0,"href":"https:\/\/zjarr.tv\/en\/wp-json\/wp\/v2\/posts\/105940\/revisions"}],"wp:featuredmedia":[{"embeddable":true,"href":"https:\/\/zjarr.tv\/en\/wp-json\/wp\/v2\/media\/105941"}],"wp:attachment":[{"href":"https:\/\/zjarr.tv\/en\/wp-json\/wp\/v2\/media?parent=105940"}],"wp:term":[{"taxonomy":"category","embeddable":true,"href":"https:\/\/zjarr.tv\/en\/wp-json\/wp\/v2\/categories?post=105940"},{"taxonomy":"post_tag","embeddable":true,"href":"https:\/\/zjarr.tv\/en\/wp-json\/wp\/v2\/tags?post=105940"}],"curies":[{"name":"wp","href":"https:\/\/api.w.org\/{rel}","templated":true}]}}