{"id":105949,"date":"2019-09-10T15:37:09","date_gmt":"2019-09-10T13:37:09","guid":{"rendered":"https:\/\/zjarr.tv\/?p=105949"},"modified":"2019-09-10T15:37:09","modified_gmt":"2019-09-10T13:37:09","slug":"ditet-e-sakrificave-na-afrojne-tek-e-verteta-spiropali-me-babi-mondin-ka-nje-mesazh","status":"publish","type":"post","link":"https:\/\/zjarr.tv\/en\/ditet-e-sakrificave-na-afrojne-tek-e-verteta-spiropali-me-babi-mondin-ka-nje-mesazh\/","title":{"rendered":"\u201cDit\u00ebt e sakrificave na afrojn\u00eb tek e v\u00ebrteta\u201d, Spiropali me babi Mondin, ka nj\u00eb mesazh"},"content":{"rendered":"<p>Dita e Hashures ka mbledhur n\u00eb Kryegjyshat\u00ebn Bot\u00ebrore Bektashiane lider\u00ebt shqiptar\u00eb, krer\u00eb t\u00eb ambasadave, ministra e politikan\u00eb. Ministrja e Shtetit p\u00ebr Marr\u00ebdh\u00ebniet me Parlamentin Elisa Spiropali ka vizituar selin\u00eb e shenjt\u00eb ku \u00ebsht\u00eb takuar me kryegjyshin bot\u00ebror Edmond Brahimaj.<\/p>\n<div id=\"pa_1x1_psbk_1568122595683\"><\/div>\n<p>Ajo ka publikuar nj\u00eb foto nga ky takim dhe ka p\u00ebrcjell\u00eb dhe nj\u00eb mesazh. \u201cDit\u00ebt e sakrificave \ud83c\udf3fdhe mundimeve jan\u00eb ato q\u00eb na afrojn\u00eb tek e v\u00ebrteta, tek besimi, tek d\u00ebshira p\u00ebr ndryshim. \ud83d\udc9a i pa\u00e7it plot\u00eb, sot e kamot \ud83d\ude4f\u201d, shkruan Spiropali n\u00eb \u201cFacebook\u201d.<\/p>","protected":false},"excerpt":{"rendered":"<p>Dita e Hashures ka mbledhur n\u00eb Kryegjyshat\u00ebn Bot\u00ebrore Bektashiane lider\u00ebt shqiptar\u00eb, krer\u00eb t\u00eb ambasadave, ministra e politikan\u00eb. Ministrja e Shtetit p\u00ebr Marr\u00ebdh\u00ebniet me Parlamentin Elisa Spiropali ka vizituar selin\u00eb e shenjt\u00eb ku \u00ebsht\u00eb takuar me kryegjyshin bot\u00ebror Edmond Brahimaj. Ajo ka publikuar nj\u00eb foto nga ky takim dhe ka p\u00ebrcjell\u00eb dhe nj\u00eb mesazh. \u201cDit\u00ebt e [&hellip;]<\/p>\n","protected":false},"author":2013,"featured_media":105950,"comment_status":"open","ping_status":"closed","sticky":false,"template":"","format":"standard","meta":{"footnotes":""},"categories":[241,235],"tags":[],"class_list":{"0":"post-105949","1":"post","2":"type-post","3":"status-publish","4":"format-standard","5":"has-post-thumbnail","7":"category-aktualitet","8":"category-vendi"},"_links":{"self":[{"href":"https:\/\/zjarr.tv\/en\/wp-json\/wp\/v2\/posts\/105949","targetHints":{"allow":["GET"]}}],"collection":[{"href":"https:\/\/zjarr.tv\/en\/wp-json\/wp\/v2\/posts"}],"about":[{"href":"https:\/\/zjarr.tv\/en\/wp-json\/wp\/v2\/types\/post"}],"author":[{"embeddable":true,"href":"https:\/\/zjarr.tv\/en\/wp-json\/wp\/v2\/users\/2013"}],"replies":[{"embeddable":true,"href":"https:\/\/zjarr.tv\/en\/wp-json\/wp\/v2\/comments?post=105949"}],"version-history":[{"count":0,"href":"https:\/\/zjarr.tv\/en\/wp-json\/wp\/v2\/posts\/105949\/revisions"}],"wp:featuredmedia":[{"embeddable":true,"href":"https:\/\/zjarr.tv\/en\/wp-json\/wp\/v2\/media\/105950"}],"wp:attachment":[{"href":"https:\/\/zjarr.tv\/en\/wp-json\/wp\/v2\/media?parent=105949"}],"wp:term":[{"taxonomy":"category","embeddable":true,"href":"https:\/\/zjarr.tv\/en\/wp-json\/wp\/v2\/categories?post=105949"},{"taxonomy":"post_tag","embeddable":true,"href":"https:\/\/zjarr.tv\/en\/wp-json\/wp\/v2\/tags?post=105949"}],"curies":[{"name":"wp","href":"https:\/\/api.w.org\/{rel}","templated":true}]}}