{"id":105952,"date":"2019-09-10T15:53:01","date_gmt":"2019-09-10T13:53:01","guid":{"rendered":"https:\/\/zjarr.tv\/?p=105952"},"modified":"2019-09-10T15:53:01","modified_gmt":"2019-09-10T13:53:01","slug":"genjeshtra-e-veliaj-sjell-ne-tirane-nga-viena-nje-cmim-qe-nuk-ekziston","status":"publish","type":"post","link":"https:\/\/zjarr.tv\/en\/genjeshtra-e-veliaj-sjell-ne-tirane-nga-viena-nje-cmim-qe-nuk-ekziston\/","title":{"rendered":"G\u00ebnjeshtra e Veliaj\/ Sjell n\u00eb Tiran\u00eb nga Viena, nj\u00eb \u00e7mim q\u00eb nuk ekziston"},"content":{"rendered":"<p><strong>Nga Inva Hasanaliaj\u00a0<\/strong><\/p>\n<p>\u2018Vler\u00ebsimi q\u00eb na u dha nga OKB-ja, si nj\u00eb nga qytetet me performanc\u00ebn m\u00eb t\u00eb mir\u00eb ekonomike krahasuar me at\u00eb q\u00eb gjet\u00ebm, \u00ebsht\u00eb nj\u00eb inkurajim q\u00eb t\u00eb gjith\u00eb bashk\u00eb, kat\u00ebr vitet e ardhshme, ta kthejm\u00eb Tiran\u00ebn jo vet\u00ebm n\u00eb polin m\u00eb t\u00eb r\u00ebnd\u00ebsish\u00ebm ekonomik t\u00eb Shqip\u00ebris\u00eb, por me shum\u00eb gjas\u00eb, edhe n\u00eb polin m\u00eb t\u00eb r\u00ebnd\u00ebsish\u00ebm ekonomik t\u00eb gjith\u00eb rajonit t\u00eb Ballkanit\u2019.<\/p>\n<p>Kjo deklarat\u00eb e kryetarit t\u00eb bashkis\u00eb s\u00eb Tiran\u00ebs n\u00eb rrjetet sociale, n\u00eb 6 shtator e nxiti redaksin\u00eb e Faktoje t\u00eb verifikoj\u00eb se p\u00ebr \u00e7far\u00eb vler\u00ebsimi b\u00ebhet fjal\u00eb.<\/p>\n<div id=\"rekl-13\">\n<div id=\"__sap-ad-15\" class=\"__sap-ads __sap-html tracked\" data-title=\"Credins desktop 08\"><\/div>\n<\/div>\n<p><img decoding=\"async\" src=\"https:\/\/www.syri.net\/uploads\/syri.net\/images\/2019\/September\/10\/auto_69738802_2486204554771943_4985023851608932352_n1568123277.jpg\" alt=\"Image\" \/><\/p>\n<p>Nga data 3 deri n\u00eb 4 shtator kreu i Bashkis\u00eb s\u00eb Tiran\u00ebs, Erion Veliaj mori pjes\u00eb n\u00eb konferenc\u00ebn e p\u00ebrvitshme \u2018Bridge for Cities 4.0\u2019, e mbajtur n\u00eb Vien\u00eb, ku s\u00eb bashku me homolog\u00eb dhe personalitete, t\u00eb ftuar diskutuan n\u00eb nj\u00eb tryez\u00eb t\u00eb rrumbullak\u00ebt mbi promovimin e zbatimit t\u00eb Axhend\u00ebs 2030 p\u00ebr Zhvillimin e Q\u00ebndruesh\u00ebm, themelimin e nj\u00eb platforme urbane p\u00ebr krijimin e nj\u00eb rrjeti dhe nxitjen e bashk\u00ebpunimeve t\u00eb nd\u00ebrsjellta.<\/p>\n<p><img decoding=\"async\" src=\"https:\/\/www.syri.net\/uploads\/syri.net\/images\/2019\/September\/10\/auto_000000000000000000000000000000001568123278.jpg\" alt=\"Image\" \/><\/p>\n<p>\u2018Faktoje\u2019 komunikoi me organizator\u00ebt p\u00ebr t\u00eb pyetur n\u00ebse gjat\u00eb k\u00ebsaj konference ka pasur shp\u00ebrndarje vler\u00ebsimesh apo \u00e7mimesh dhe n\u00ebse po a i \u00ebsht\u00eb dh\u00ebn\u00eb nj\u00eb i till\u00eb kryetarit t\u00eb bashks\u00eb s\u00eb Tiran\u00ebs Erjon Veliaj.<\/p>\n<p>N\u00eb p\u00ebrgjigjen q\u00eb Faktoje mori nga shk\u00ebmbimi i e-maileve shpjegohet se OKB nuk ka dh\u00ebn\u00eb asnj\u00eb \u00e7mim apo vler\u00ebsim. \u2018Erion Veliaj ishte nj\u00eb nga fol\u00ebsit pjes\u00ebmarr\u00ebs n\u00eb nj\u00eb tryez\u00eb t\u00eb rrumbullak\u00ebt p\u00ebr kryetar\u00ebt e bashkive dhe qyteti i Tiran\u00ebs ra dakord t\u00eb mb\u00ebshtes\u00eb deklarat\u00ebn p\u00ebr t\u00eb cil\u00ebn b\u00ebhej eventi.\u2019-thuhet n\u00eb p\u00ebrgjigjen e organizator\u00ebve t\u00eb \u2018Bridge for Cities 4.0\u2019.<\/p>\n<p><strong>P\u00ebrgjigja zyrtare nga OKB<\/strong><\/p>\n<p><img decoding=\"async\" src=\"https:\/\/www.syri.net\/uploads\/syri.net\/images\/2019\/September\/10\/auto_5555555555555555555555555555555555555555555551568123280.jpg\" alt=\"Image\" \/><\/p>\n<p>Nisur nga p\u00ebrgjigjja q\u00eb mor\u00ebm, kjo deklarat\u00eb e kryetarit t\u00eb bashkis\u00eb Tiran\u00eb Erion Veliaj do t\u00eb kategorizohet si e pav\u00ebrtet\u00eb. \/Faktoje.al<\/p>","protected":false},"excerpt":{"rendered":"<p>Nga Inva Hasanaliaj\u00a0 \u2018Vler\u00ebsimi q\u00eb na u dha nga OKB-ja, si nj\u00eb nga qytetet me performanc\u00ebn m\u00eb t\u00eb mir\u00eb ekonomike krahasuar me at\u00eb q\u00eb gjet\u00ebm, \u00ebsht\u00eb nj\u00eb inkurajim q\u00eb t\u00eb gjith\u00eb bashk\u00eb, kat\u00ebr vitet e ardhshme, ta kthejm\u00eb Tiran\u00ebn jo vet\u00ebm n\u00eb polin m\u00eb t\u00eb r\u00ebnd\u00ebsish\u00ebm ekonomik t\u00eb Shqip\u00ebris\u00eb, por me shum\u00eb gjas\u00eb, edhe n\u00eb [&hellip;]<\/p>\n","protected":false},"author":2013,"featured_media":62633,"comment_status":"open","ping_status":"closed","sticky":false,"template":"","format":"standard","meta":{"footnotes":""},"categories":[241,235],"tags":[],"class_list":{"0":"post-105952","1":"post","2":"type-post","3":"status-publish","4":"format-standard","5":"has-post-thumbnail","7":"category-aktualitet","8":"category-vendi"},"_links":{"self":[{"href":"https:\/\/zjarr.tv\/en\/wp-json\/wp\/v2\/posts\/105952","targetHints":{"allow":["GET"]}}],"collection":[{"href":"https:\/\/zjarr.tv\/en\/wp-json\/wp\/v2\/posts"}],"about":[{"href":"https:\/\/zjarr.tv\/en\/wp-json\/wp\/v2\/types\/post"}],"author":[{"embeddable":true,"href":"https:\/\/zjarr.tv\/en\/wp-json\/wp\/v2\/users\/2013"}],"replies":[{"embeddable":true,"href":"https:\/\/zjarr.tv\/en\/wp-json\/wp\/v2\/comments?post=105952"}],"version-history":[{"count":0,"href":"https:\/\/zjarr.tv\/en\/wp-json\/wp\/v2\/posts\/105952\/revisions"}],"wp:featuredmedia":[{"embeddable":true,"href":"https:\/\/zjarr.tv\/en\/wp-json\/wp\/v2\/media\/62633"}],"wp:attachment":[{"href":"https:\/\/zjarr.tv\/en\/wp-json\/wp\/v2\/media?parent=105952"}],"wp:term":[{"taxonomy":"category","embeddable":true,"href":"https:\/\/zjarr.tv\/en\/wp-json\/wp\/v2\/categories?post=105952"},{"taxonomy":"post_tag","embeddable":true,"href":"https:\/\/zjarr.tv\/en\/wp-json\/wp\/v2\/tags?post=105952"}],"curies":[{"name":"wp","href":"https:\/\/api.w.org\/{rel}","templated":true}]}}