{"id":105972,"date":"2019-09-10T19:20:14","date_gmt":"2019-09-10T17:20:14","guid":{"rendered":"https:\/\/zjarr.tv\/?p=105972"},"modified":"2019-09-10T16:23:55","modified_gmt":"2019-09-10T14:23:55","slug":"igli-tare-i-thote-te-gjitha-zbulon-arsyen-e-refuzimit-te-milanit","status":"publish","type":"post","link":"https:\/\/zjarr.tv\/en\/igli-tare-i-thote-te-gjitha-zbulon-arsyen-e-refuzimit-te-milanit\/","title":{"rendered":"Igli Tare i thot\u00eb t\u00eb gjitha, zbulon arsyen e refuzimit t\u00eb Milanit"},"content":{"rendered":"<p>Drejtori sportiv i Lazios, Igli Tare \u00ebsht\u00eb ndalur n\u00eb nj\u00eb intervist\u00eb t\u00eb gjat\u00eb p\u00ebr &#8220;Corriere dello Sport&#8221;, ku ka zbuluar prapaskenat e merkatos s\u00eb ver\u00ebs te klubi bardhekalt\u00ebr.<\/p>\n<p><em>&#8220;Dua q\u00eb t\u00eb kualifikohemi sa m\u00eb shpejt n\u00eb Champions League. \u00a0Grupi e di se n\u00eb tre vitet e fundit, ne mund t\u00eb ishim kualifikuar leht\u00ebsisht. Sergei Milinkovic-Savic mund t\u00eb zgjas\u00eb kontrat\u00ebn p\u00ebr nj\u00eb vit, por duhet mbajtur gjithmon\u00eb n\u00eb ekuilib\u00ebr t\u00eb duhur<\/em>.&#8221;-tha fillimisht Tare.<\/p>\n<p>Sa i p\u00ebrket refuzimit t\u00eb ofert\u00ebs s\u00eb Milanit, ish-sulmuesi i komb\u00ebtares shqiptare, Tare tha se e refuzoi pasi d\u00ebgjoi zemr\u00ebn.<\/p>\n<p>&#8220;<em>Boban \u00ebsht\u00eb idhulli im, Maldini ishte nj\u00eb lojtar shembullor dhe gjithashtu \u00ebsht\u00eb edhe si drejtor. Un\u00eb u njoha me k\u00ebrkesat e tyre , por vendimi im erdhi nga zemra. L\u00ebnia e Lazios do t\u00eb ishte e gabuar. Zgjodha zemr\u00ebn dhe jo parat\u00eb.<\/em>\u00a0&#8220;-deklaroi shkurtimisht numri 1 i merkatos s\u00eb Lazios.<\/p>","protected":false},"excerpt":{"rendered":"<p>Drejtori sportiv i Lazios, Igli Tare \u00ebsht\u00eb ndalur n\u00eb nj\u00eb intervist\u00eb t\u00eb gjat\u00eb p\u00ebr &#8220;Corriere dello Sport&#8221;, ku ka zbuluar prapaskenat e merkatos s\u00eb ver\u00ebs te klubi bardhekalt\u00ebr. &#8220;Dua q\u00eb t\u00eb kualifikohemi sa m\u00eb shpejt n\u00eb Champions League. \u00a0Grupi e di se n\u00eb tre vitet e fundit, ne mund t\u00eb ishim kualifikuar leht\u00ebsisht. Sergei Milinkovic-Savic [&hellip;]<\/p>\n","protected":false},"author":2013,"featured_media":88636,"comment_status":"open","ping_status":"closed","sticky":false,"template":"","format":"standard","meta":{"footnotes":""},"categories":[241,192],"tags":[],"class_list":{"0":"post-105972","1":"post","2":"type-post","3":"status-publish","4":"format-standard","5":"has-post-thumbnail","7":"category-aktualitet","8":"category-sport"},"_links":{"self":[{"href":"https:\/\/zjarr.tv\/en\/wp-json\/wp\/v2\/posts\/105972","targetHints":{"allow":["GET"]}}],"collection":[{"href":"https:\/\/zjarr.tv\/en\/wp-json\/wp\/v2\/posts"}],"about":[{"href":"https:\/\/zjarr.tv\/en\/wp-json\/wp\/v2\/types\/post"}],"author":[{"embeddable":true,"href":"https:\/\/zjarr.tv\/en\/wp-json\/wp\/v2\/users\/2013"}],"replies":[{"embeddable":true,"href":"https:\/\/zjarr.tv\/en\/wp-json\/wp\/v2\/comments?post=105972"}],"version-history":[{"count":0,"href":"https:\/\/zjarr.tv\/en\/wp-json\/wp\/v2\/posts\/105972\/revisions"}],"wp:featuredmedia":[{"embeddable":true,"href":"https:\/\/zjarr.tv\/en\/wp-json\/wp\/v2\/media\/88636"}],"wp:attachment":[{"href":"https:\/\/zjarr.tv\/en\/wp-json\/wp\/v2\/media?parent=105972"}],"wp:term":[{"taxonomy":"category","embeddable":true,"href":"https:\/\/zjarr.tv\/en\/wp-json\/wp\/v2\/categories?post=105972"},{"taxonomy":"post_tag","embeddable":true,"href":"https:\/\/zjarr.tv\/en\/wp-json\/wp\/v2\/tags?post=105972"}],"curies":[{"name":"wp","href":"https:\/\/api.w.org\/{rel}","templated":true}]}}