{"id":105974,"date":"2019-09-10T19:30:09","date_gmt":"2019-09-10T17:30:09","guid":{"rendered":"https:\/\/zjarr.tv\/?p=105974"},"modified":"2019-09-10T16:24:34","modified_gmt":"2019-09-10T14:24:34","slug":"ky-eshte-ekipi-i-ri-udheheqes-i-komisionit-europian","status":"publish","type":"post","link":"https:\/\/zjarr.tv\/en\/ky-eshte-ekipi-i-ri-udheheqes-i-komisionit-europian\/","title":{"rendered":"Ky \u00ebsht\u00eb ekipi i ri udh\u00ebheq\u00ebs i Komisionit Europian"},"content":{"rendered":"<p><em>Organi ekzekutiv i Bashkimit Europian do t\u00eb g\u00ebzoj\u00eb nj\u00eb barazi m\u00eb t\u00eb madhe gjinore, duke i dh\u00ebn\u00eb fokus standardeve, problematikave aktuale dhe multilateralizmit. Ekipi u prezantua nga shefja e Komisionit dhe ish-ministrja gjermane, Ursula Fon-derlajn.<\/em><\/p>\n<p>Presidentja e Komisionit Europian, Ursula Fonderlajn, prezantoi t\u00eb mart\u00ebn ekipin me t\u00eb cilin do t\u00eb qeveris\u00eb organin ekzekutiv t\u00eb unionit deri n\u00eb vitin 2024.<\/p>\n<p>13 gra dhe 14 burra t\u00eb zgjedhur nga 27 vendet an\u00ebtare, me p\u00ebrjashtim t\u00eb Britanis\u00eb s\u00eb Madhe, i sigurojn\u00eb p\u00ebr her\u00eb t\u00eb par\u00eb Komisionit nj\u00eb barazi gjinore, megjith\u00ebse shtetet e Europ\u00ebs Lindore mbeten t\u00eb diskriminuara n\u00eb raport me ato per\u00ebndimore p\u00ebr postet m\u00eb kryesore.<\/p>\n<p><em>&#8220;Dua nj\u00eb komision t\u00eb baraspeshuar, t\u00eb shkath\u00ebt dhe modern, nj\u00eb komision gjeopolitik. Do t\u00eb marrim vendime t\u00eb guximshme p\u00ebr kriz\u00ebn klimatike, p\u00ebr forcimin e partneritetit me SHBA-n\u00eb dhe Kin\u00ebn, dhe do t\u00eb jemi fqinj m\u00eb t\u00eb besuesh\u00ebm t\u00eb Afrik\u00ebs,&#8221; theksoi shefja e Komisionit Europian.<\/em><\/p>\n<p>Organi vendimmarr\u00ebs i BE-s\u00eb do t\u00eb menaxhohet nga n\u00ebnt\u00eb z\u00ebvend\u00ebspresident\u00eb dhe 26 eurokomisionier\u00eb, m\u00eb s\u00eb shumti nga radh\u00ebt e socialdemokrat\u00ebve dhe partis\u00eb popullore.<\/p>\n<p>Nd\u00ebr tre z\u00ebvend\u00ebspresident\u00ebt ekzekutiv\u00eb, holandezit Franc Timermans do i besohet implemtimi i politikave ambientaliste, danezja Margret Veshtager do t\u00eb koordinoj\u00eb s\u00ebrish komisionin p\u00ebr konkurrenc\u00ebn, nd\u00ebrsa letonezi Valdis Dombrovskis do ngarkohet p\u00ebrkrah italianit Paolo Xhentiloni me \u00e7\u00ebshtjet ekonomike.<\/p>\n<p>Ministri i jasht\u00ebm spanjoll, Josep Borel, do t\u00eb z\u00ebvend\u00ebsoj\u00eb Federika Mogerinin n\u00eb krye t\u00eb politikave t\u00eb jashtme dhe sigurin\u00eb, komisioner p\u00ebr zgjerimin dhe p\u00ebr afrimin e Ballkanit dhe Shqip\u00ebris\u00eb n\u00eb familjen europiane do t\u00eb jet\u00eb hungarezi Laslo Troksani, ish-ambasador dhe minist\u00ebr drejt\u00ebsie, nd\u00ebrsa paraardh\u00ebsi i tij, austriaku Johanes Hahn, do t\u00eb kujdeset p\u00ebr buxhetin dhe administrat\u00ebn.<\/p>\n<p>Ekipi i ri ekzekutiv pritet t\u00eb marr\u00eb detyr\u00ebn n\u00eb dat\u00ebn 1 n\u00ebntor, n\u00ebse siguron m\u00eb par\u00eb mb\u00ebshtetjen e Parlamentit Europian.<\/p>","protected":false},"excerpt":{"rendered":"<p>Organi ekzekutiv i Bashkimit Europian do t\u00eb g\u00ebzoj\u00eb nj\u00eb barazi m\u00eb t\u00eb madhe gjinore, duke i dh\u00ebn\u00eb fokus standardeve, problematikave aktuale dhe multilateralizmit. Ekipi u prezantua nga shefja e Komisionit dhe ish-ministrja gjermane, Ursula Fon-derlajn. Presidentja e Komisionit Europian, Ursula Fonderlajn, prezantoi t\u00eb mart\u00ebn ekipin me t\u00eb cilin do t\u00eb qeveris\u00eb organin ekzekutiv t\u00eb unionit [&hellip;]<\/p>\n","protected":false},"author":2013,"featured_media":105975,"comment_status":"open","ping_status":"closed","sticky":false,"template":"","format":"standard","meta":{"footnotes":""},"categories":[241,191],"tags":[],"class_list":{"0":"post-105974","1":"post","2":"type-post","3":"status-publish","4":"format-standard","5":"has-post-thumbnail","7":"category-aktualitet","8":"category-bota"},"_links":{"self":[{"href":"https:\/\/zjarr.tv\/en\/wp-json\/wp\/v2\/posts\/105974","targetHints":{"allow":["GET"]}}],"collection":[{"href":"https:\/\/zjarr.tv\/en\/wp-json\/wp\/v2\/posts"}],"about":[{"href":"https:\/\/zjarr.tv\/en\/wp-json\/wp\/v2\/types\/post"}],"author":[{"embeddable":true,"href":"https:\/\/zjarr.tv\/en\/wp-json\/wp\/v2\/users\/2013"}],"replies":[{"embeddable":true,"href":"https:\/\/zjarr.tv\/en\/wp-json\/wp\/v2\/comments?post=105974"}],"version-history":[{"count":0,"href":"https:\/\/zjarr.tv\/en\/wp-json\/wp\/v2\/posts\/105974\/revisions"}],"wp:featuredmedia":[{"embeddable":true,"href":"https:\/\/zjarr.tv\/en\/wp-json\/wp\/v2\/media\/105975"}],"wp:attachment":[{"href":"https:\/\/zjarr.tv\/en\/wp-json\/wp\/v2\/media?parent=105974"}],"wp:term":[{"taxonomy":"category","embeddable":true,"href":"https:\/\/zjarr.tv\/en\/wp-json\/wp\/v2\/categories?post=105974"},{"taxonomy":"post_tag","embeddable":true,"href":"https:\/\/zjarr.tv\/en\/wp-json\/wp\/v2\/tags?post=105974"}],"curies":[{"name":"wp","href":"https:\/\/api.w.org\/{rel}","templated":true}]}}