{"id":105995,"date":"2019-09-10T16:45:12","date_gmt":"2019-09-10T14:45:12","guid":{"rendered":"https:\/\/zjarr.tv\/?p=105995"},"modified":"2019-09-10T16:45:12","modified_gmt":"2019-09-10T14:45:12","slug":"basha-nga-brukseli-rama-kerkon-te-mbylle-dosjet-184-dhe-339","status":"publish","type":"post","link":"https:\/\/zjarr.tv\/en\/basha-nga-brukseli-rama-kerkon-te-mbylle-dosjet-184-dhe-339\/","title":{"rendered":"Basha nga Brukseli: Rama k\u00ebrkon t\u00eb mbyll\u00eb dosjet \u2018184\u2019 dhe \u2018339\u2019"},"content":{"rendered":"<p>Kryetari i Partis\u00eb Demokratike, Lulzim Basha deklaroi n\u00eb Bruksel se p\u00ebr Shqip\u00ebrin\u00eb situata \u00ebsht\u00eb b\u00ebr\u00eb edhe m\u00eb e v\u00ebshtir\u00eb p\u00ebr integrimin p\u00ebr shkak se vendi nuk ka b\u00ebr\u00eb progres n\u00eb kushtet e vendosura.<\/p>\n<p>Basha ve\u00e7oi raportin e OSBE\/ODIHR-it p\u00ebr t\u00eb treguar se n\u00eb vend q\u00eb Shqip\u00ebria t\u00eb plot\u00ebsonte kushtin e zgjedhjeve t\u00eb lira e t\u00eb ndershme, zhvilloi nj\u00eb proces antikushtetues votimesh moniste.<\/p>\n<div id=\"rekl-28\"><\/div>\n<p>Kreu i opozit\u00ebs theksoi se n\u00eb k\u00ebt\u00eb moment t\u00eb v\u00ebshtir\u00eb \u00ebsht\u00eb i r\u00ebnd\u00ebsish\u00ebm z\u00ebri dhe vizioni i opozit\u00ebs p\u00ebr daljen nga kriza.<\/p>\n<p>\u2018N\u00eb Asamblen\u00eb Politike t\u00eb PPE-s\u00eb, kam gjetur mund\u00ebsin\u00eb p\u00ebr t\u2019u shpjeguar partive tona simotra, se me gjith\u00eb gjendjen e v\u00ebshtir\u00eb, me gjith\u00eb faktin se tashm\u00eb e pranon gjithkush se Shqip\u00ebria nuk i ka p\u00ebrmbushur kushtet e v\u00ebna p\u00ebr t\u00eb hapur negociatat, lypset nj\u00eb vendim politik.<\/p>\n<p>Nj\u00eb vendim politik i cili nga nj\u00ebra an\u00eb t\u2019i sinjalizoj\u00eb popullit shqiptar se Europa me t\u00eb v\u00ebrtet\u00eb i mban dyert e hapura dhe nga ana tjet\u00ebr, p\u00ebr t\u2019u dh\u00ebn\u00eb nj\u00eb mesazh t\u00eb qart\u00eb autoriteteve shqiptare, se Bashkimi Europian, vendet an\u00ebtare, tashm\u00eb p\u00ebrmes procesit t\u00eb negociatave, do t\u00eb ushtrojn\u00eb presion t\u00eb shtuar mbi qeverin\u00eb.<\/p>\n<p>Ky presion do t\u00eb ndihmoj\u00eb p\u00ebr t\u00eb kap\u00ebrcyer kriz\u00ebn kushtetuese, demokratike dhe institucionale t\u00eb vendit, p\u00ebrmes t\u00eb vetmit instrument q\u00eb njeh Evropa, q\u00eb njohin demokracit\u00eb, q\u00eb jan\u00eb zgjedhjet e lira dhe t\u00eb ndershme.\u2019<\/p>\n<p>I pyetur se cili \u00ebsht\u00eb q\u00ebndrimi i opozit\u00ebs p\u00ebr nj\u00eb Po me kushte q\u00eb mund t\u00eb vij\u00eb nga shtetet an\u00ebtare, p\u00ebr shkak t\u00eb kontestimeve t\u00eb shteteve an\u00ebtare, Basha u p\u00ebrgjigj:<\/p>\n<p>\u2018Kriteri baz\u00eb p\u00ebr t\u00eb qen\u00eb an\u00ebtar i Bashkimit Europian \u00ebsht\u00eb demokracia dhe k\u00ebtu konvergojn\u00eb jo vet\u00ebm interesat e PD dhe opozit\u00ebs s\u00eb bashkuar, por t\u00eb t\u00eb gjith\u00eb shqiptar\u00ebve t\u00eb ndersh\u00ebm, p\u00ebr t\u2019i dh\u00ebn\u00eb fund nj\u00eb autokracie t\u00eb korruptuar dhe t\u00eb lidhur me krimin, dhe garantuar kushtet p\u00ebr demokraci funksionale. Kjo do t\u00eb thot\u00eb vot\u00eb t\u00eb lir\u00eb dhe t\u00eb ndershme, nd\u00ebshkim politikan\u00ebve t\u00eb kapur duke bashk\u00ebpunuar me krimin p\u00ebr t\u00eb vjedhur zgjedhjet.<\/p>\n<p>E kund\u00ebrta po ndodh sot n\u00eb Shqip\u00ebri, \u00e7\u00ebshtjet e famshme, dosjet \u2018184\u2019 e \u2018339\u2019 nuk hetohen, dosjen \u2018184\u2019 e ka \u00e7uar n\u00eb Dib\u00ebr q\u00eb ta mbylli.<\/p>\n<p>Nj\u00eb p\u00ebrqasje e till\u00eb do t\u00eb ndihmonte p\u00ebrpjekjen jo vet\u00ebm t\u00eb opozit\u00ebs, por t\u00eb t\u00eb gjith\u00eb shqiptar\u00ebve p\u00ebr t\u00eb rivendosur vendin n\u00eb shinat e sundimit t\u00eb ligjit, t\u00eb nd\u00ebshkimit t\u00eb politikan\u00ebve t\u00eb lidhur me krimin dhe mbi t\u00eb gjitha me zgjedhje t\u00eb lira dhe t\u00eb ndershme, t\u00eb cilat jan\u00eb i vetmi hap q\u00eb mund ta nxjerr\u00eb vendin nga kriza e thell\u00eb ku ndodhet.\u2019<\/p>\n<p>Gjat\u00eb intervist\u00ebs kreu i opozit\u00ebs foli edhe mbi r\u00ebnd\u00ebsin\u00eb e zgjedhjeve t\u00eb lira dhe t\u00eb ndershme p\u00ebr procesin e integrimit Europian.<\/p>\n<p>\u2018Bashkimi Europian i vendosi zgjedhjet e lira si kusht edhe vitin e kaluar. N\u00eb fakt, jo vet\u00ebm q\u00eb nuk u zhvilluan zgjedhje t\u00eb lira dhe t\u00eb ndershme, por vendi nuk zhvilloi dot as zgjedhje demokratike. Shkoi drejt nj\u00eb procesi monist me nj\u00eb parti q\u00eb vet\u00eb kandidonte, vet\u00eb votonte, vet\u00eb num\u00ebronte, duke shkelur Kushtetut\u00ebn, duke shkelur ligjet, duke dhunuar institucionet kushtetuese, duke shp\u00ebrfillur dekretet e Presidentit t\u00eb Republik\u00ebs.<\/p>\n<p>Nuk ka zgjedhje n\u00eb Republik\u00ebn e Shqip\u00ebris\u00eb pa dekret dhe k\u00ebto ishin votime q\u00eb u zhvilluan pa asnj\u00eb baz\u00eb kushtetuese dhe juridike. K\u00ebt\u00eb thot\u00eb edhe Raporti i OSBE- ODHIR q\u00eb \u00ebsht\u00eb p\u00ebrmbledhja m\u00eb dometh\u00ebn\u00ebse e problematik\u00ebs shqiptare. Aty tregohet qart\u00eb se vet\u00ebm pasi opozit\u00ebs iu mohua \u00e7do rrug\u00ebdalje institucionale si\u00e7 ishte propozimi q\u00eb b\u00ebm\u00eb p\u00ebr t\u00eb ndar\u00eb politik\u00ebn nga krimi me ligjin p\u00ebr Vetingun e politikan\u00ebve, ne u detyruam drejt hapave q\u00eb hodh\u00ebm p\u00ebr t\u00eb shp\u00ebtuar demokracin\u00eb, p\u00ebr interesin publik, jo p\u00ebr pushtetin ton\u00eb. Ndaj n\u00eb k\u00ebt\u00eb kuptim, nuk pres t\u00eb ket\u00eb ndryshim t\u00eb kushteve t\u00eb vendosura tashm\u00eb nga Bashkimi Europian por vet\u00ebm forcim t\u00eb tyre.\u2019<\/p>\n<p>Nj\u00eb nga pyetjet q\u00eb iu p\u00ebrgjigj Basha ishte n\u00ebse opozita mendon se e ka fituar betej\u00ebn e nd\u00ebrgjegj\u00ebsimit t\u00eb e komunitetit nd\u00ebrkomb\u00ebtar dhe sidomos t\u00eb Bashkimit Europian p\u00ebr problematik\u00ebn me t\u00eb cil\u00ebn p\u00ebrballet Shqip\u00ebria.<\/p>\n<p>\u2018Pa dyshim n\u00eb Bruksel ka nj\u00eb vet\u00ebdij\u00ebsim t\u00eb madh p\u00ebr kriz\u00ebn e thell\u00eb t\u00eb demokracis\u00eb, p\u00ebr kriz\u00ebn e thell\u00eb t\u00eb sundimit t\u00eb ligjit n\u00eb Shqip\u00ebri. Nj\u00eb merit\u00eb e madhe i takon Partis\u00eb Demokratike, i takon opozit\u00ebs q\u00eb ka b\u00ebr\u00eb betejat e duhura p\u00ebr Shqip\u00ebrin\u00eb, p\u00ebr shqiptar\u00ebt. \u00cbsht\u00eb e qart\u00eb se me m\u00ebnyr\u00ebn si po zhvillohen ngjarjet n\u00eb vend, Shqip\u00ebria po i largohet Europ\u00ebs.<\/p>\n<p>Partia Demokratike dhe opozita e bashkuar q\u00ebndrojn\u00eb fuqish\u00ebm p\u00ebr integrimin europian dhe k\u00ebrkojn\u00eb q\u00eb edhe procesi i hapjes s\u00eb negociatave t\u2019i sh\u00ebrbej\u00eb fitores s\u00eb k\u00ebsaj kauze. Kauz\u00ebs s\u00eb zgjedhjeve t\u00eb lira dhe t\u00eb ndershme si themel i demokracis\u00eb, i llogaridh\u00ebnies para qytetar\u00ebve dhe i nj\u00eb shoq\u00ebrie t\u00eb drejt\u00eb dhe t\u00eb barabart\u00eb p\u00ebrpara ligjit.<\/p>\n<p>K\u00ebto jan\u00eb themelet e Europ\u00ebs, k\u00ebto jan\u00eb themelet e \u00e7do vendi an\u00ebtar i BE-s\u00eb dhe duke patur me vete n\u00eb k\u00ebt\u00eb kauz\u00eb edhe autoritetin e BE-s\u00eb dhe vendeve an\u00ebtare, i b\u00ebjm\u00eb nj\u00eb sh\u00ebrbim t\u00eb madh Shqip\u00ebris\u00eb dhe shqiptar\u00ebve dhe afrojm\u00eb dit\u00ebn e fitores s\u00eb k\u00ebsaj beteje, t\u00eb zgjedhjeve t\u00eb lira dhe t\u00eb ndershme si zgjidhja e kriz\u00ebs s\u00eb tmerrshme politike dhe ekonomike ku e ka zhytur vendin, qeveria aktuale.\u2019<\/p>","protected":false},"excerpt":{"rendered":"<p>Kryetari i Partis\u00eb Demokratike, Lulzim Basha deklaroi n\u00eb Bruksel se p\u00ebr Shqip\u00ebrin\u00eb situata \u00ebsht\u00eb b\u00ebr\u00eb edhe m\u00eb e v\u00ebshtir\u00eb p\u00ebr integrimin p\u00ebr shkak se vendi nuk ka b\u00ebr\u00eb progres n\u00eb kushtet e vendosura. Basha ve\u00e7oi raportin e OSBE\/ODIHR-it p\u00ebr t\u00eb treguar se n\u00eb vend q\u00eb Shqip\u00ebria t\u00eb plot\u00ebsonte kushtin e zgjedhjeve t\u00eb lira e t\u00eb [&hellip;]<\/p>\n","protected":false},"author":2013,"featured_media":38161,"comment_status":"open","ping_status":"closed","sticky":false,"template":"","format":"standard","meta":{"footnotes":""},"categories":[241,235],"tags":[],"class_list":{"0":"post-105995","1":"post","2":"type-post","3":"status-publish","4":"format-standard","5":"has-post-thumbnail","7":"category-aktualitet","8":"category-vendi"},"_links":{"self":[{"href":"https:\/\/zjarr.tv\/en\/wp-json\/wp\/v2\/posts\/105995","targetHints":{"allow":["GET"]}}],"collection":[{"href":"https:\/\/zjarr.tv\/en\/wp-json\/wp\/v2\/posts"}],"about":[{"href":"https:\/\/zjarr.tv\/en\/wp-json\/wp\/v2\/types\/post"}],"author":[{"embeddable":true,"href":"https:\/\/zjarr.tv\/en\/wp-json\/wp\/v2\/users\/2013"}],"replies":[{"embeddable":true,"href":"https:\/\/zjarr.tv\/en\/wp-json\/wp\/v2\/comments?post=105995"}],"version-history":[{"count":0,"href":"https:\/\/zjarr.tv\/en\/wp-json\/wp\/v2\/posts\/105995\/revisions"}],"wp:featuredmedia":[{"embeddable":true,"href":"https:\/\/zjarr.tv\/en\/wp-json\/wp\/v2\/media\/38161"}],"wp:attachment":[{"href":"https:\/\/zjarr.tv\/en\/wp-json\/wp\/v2\/media?parent=105995"}],"wp:term":[{"taxonomy":"category","embeddable":true,"href":"https:\/\/zjarr.tv\/en\/wp-json\/wp\/v2\/categories?post=105995"},{"taxonomy":"post_tag","embeddable":true,"href":"https:\/\/zjarr.tv\/en\/wp-json\/wp\/v2\/tags?post=105995"}],"curies":[{"name":"wp","href":"https:\/\/api.w.org\/{rel}","templated":true}]}}