{"id":105997,"date":"2019-09-10T17:14:34","date_gmt":"2019-09-10T15:14:34","guid":{"rendered":"https:\/\/zjarr.tv\/?p=105997"},"modified":"2019-09-10T17:14:34","modified_gmt":"2019-09-10T15:14:34","slug":"xhacka-nderon-me-medalje-zyren-e-atasheut-ushtarak-te-shba","status":"publish","type":"post","link":"https:\/\/zjarr.tv\/en\/xhacka-nderon-me-medalje-zyren-e-atasheut-ushtarak-te-shba\/","title":{"rendered":"Xha\u00e7ka nderon me medalje Zyr\u00ebn e Atasheut Ushtarak t\u00eb SHBA"},"content":{"rendered":"<p><em>Ministrja e Mbrojtjes Olta Xha\u00e7ka ka vler\u00ebsuar kontributin e Shteteve t\u00eb Bashkuara t\u00eb Amerik\u00ebs n\u00eb fush\u00ebn e siguris\u00eb dhe mbrojtjes. Teksa n\u00ebnvizoi investimin n\u00eb reform\u00ebn n\u00eb drejt\u00ebsi Xha\u00e7ka nderoi me Medaljen e Mir\u00ebnjohjes, Zyr\u00ebn e Atasheut Ushtarak t\u00eb SHBA n\u00eb Tiran\u00eb dhe Zyr\u00ebn e Bashk\u00ebpunimit Ushtarak n\u00eb Tiran\u00eb.<\/em><\/p>\n<p>N\u00eb shenj\u00eb vler\u00ebsimi p\u00ebr kontributin e SHBA n\u00eb fush\u00ebn e siguris\u00eb dhe mbrojtjes n\u00eb Shqip\u00ebri, ministrja e Mbrojtjes Olta Xha\u00e7ka, nderoi me Medaljen e Mir\u00ebnjohjes, Zyr\u00ebn e Atasheut Ushtarak t\u00eb SHBA n\u00eb Tiran\u00eb dhe Zyr\u00ebn e Bashk\u00ebpunimit Ushtarak n\u00eb Tiran\u00eb. Ministrja n\u00ebnvizoi kontributin e SHBA n\u00eb reform\u00ebn n\u00eb drejt\u00ebsi.<\/p>\n<p><strong>Xha\u00e7ka:<\/strong>\u00a0<em>\u00a0Sot, kur fal\u00eb mb\u00ebshtetjes s\u00eb vendosur e t\u00eb pakursyer t\u00eb partner\u00ebve tan\u00eb amerikan\u00eb, Shqip\u00ebria po hyn n\u00eb faz\u00ebn m\u00eb jetike t\u00eb zbatimit t\u00eb reform\u00ebs n\u00eb drejt\u00ebsi, \u00ebsht\u00eb fare e qart\u00eb p\u00ebr \u00e7do qytetar shqiptar sesa e r\u00ebnd\u00ebsishme \u00ebsht\u00eb kjo mb\u00ebshtetje dhe \u00e7far\u00eb roli vendimtar kan\u00eb luajtur e vazhdojn\u00eb t\u00eb luajn\u00eb Shtetet e Bashkuara n\u00eb mb\u00ebshtetje t\u00eb aspirat\u00ebs s\u00eb shqiptar\u00ebve p\u00ebr t\u00eb nd\u00ebrtuar nj\u00eb shtet e nj\u00eb shoq\u00ebri evropiane, t\u00eb bazuar tek sundimi i ligjit dhe vlerat e parimet e demokracis\u00eb.\u00a0<\/em><\/p>\n<p>E ngarkuara me pun\u00eb e Shteteve t\u00eb Bashkuara t\u00eb Amerik\u00ebs Leyla Moses &#8211; Ones p\u00ebrg\u00ebzojn\u00eb Shqip\u00ebrin\u00eb p\u00ebr angazhimin e saj p\u00ebr bashk\u00ebndarjen e barr\u00ebs p\u00ebr NATO-n.<\/p>\n<p><strong>Leyla Moses &#8211; Ones:<\/strong>\u00a0<em>Shtetet e Bashkuara mb\u00ebshtesin Forcat e Armatosura shqiptare sepse kan\u00eb treguar pafund\u00ebsisht nd\u00ebr vite, se jan\u00eb t\u00eb gatshme, t\u00eb p\u00ebrgatitura dhe t\u00eb afta t\u00eb luftojn\u00eb krah p\u00ebr krah me trupat amerikane dhe t\u00eb NATO-s, kudo n\u00eb \u00e7do koh\u00eb dhe n\u00eb \u00e7far\u00ebdo kushtesh. P\u00ebr m\u00eb tep\u00ebr Shqip\u00ebria ka respektuar zotimet samitit t\u00eb Wellsit dhe vazhdon t\u00eb ris shpenzimet p\u00ebr mbrojtjen komb\u00ebtare drejt q\u00ebllimit t\u00eb 2 % t\u00eb Prodhimit t\u00eb Brendsh\u00ebm Bruto\u201d, u shpreh e ngarkuara me pun\u00eb e SHBA.<\/em><\/p>\n<p>Kontributi i SHBA p\u00ebr fush\u00ebn e mbrojtjes e siguris\u00eb n\u00eb Shqip\u00ebri shtrihet q\u00eb nga automjetet e blinduara p\u00ebr grup batalionin e k\u00ebmb\u00ebsoris\u00eb s\u00eb leht\u00eb, qendra p\u00ebr reagimin kibernetik, trajnimi dhe arsimimi i efektiv\u00ebve, pajisja e Forc\u00ebs Ajrore me helikopter\u00eb etj.<\/p>","protected":false},"excerpt":{"rendered":"<p>Ministrja e Mbrojtjes Olta Xha\u00e7ka ka vler\u00ebsuar kontributin e Shteteve t\u00eb Bashkuara t\u00eb Amerik\u00ebs n\u00eb fush\u00ebn e siguris\u00eb dhe mbrojtjes. Teksa n\u00ebnvizoi investimin n\u00eb reform\u00ebn n\u00eb drejt\u00ebsi Xha\u00e7ka nderoi me Medaljen e Mir\u00ebnjohjes, Zyr\u00ebn e Atasheut Ushtarak t\u00eb SHBA n\u00eb Tiran\u00eb dhe Zyr\u00ebn e Bashk\u00ebpunimit Ushtarak n\u00eb Tiran\u00eb. N\u00eb shenj\u00eb vler\u00ebsimi p\u00ebr kontributin e SHBA [&hellip;]<\/p>\n","protected":false},"author":2013,"featured_media":106036,"comment_status":"open","ping_status":"closed","sticky":false,"template":"","format":"standard","meta":{"footnotes":""},"categories":[241,235],"tags":[],"class_list":{"0":"post-105997","1":"post","2":"type-post","3":"status-publish","4":"format-standard","5":"has-post-thumbnail","7":"category-aktualitet","8":"category-vendi"},"_links":{"self":[{"href":"https:\/\/zjarr.tv\/en\/wp-json\/wp\/v2\/posts\/105997","targetHints":{"allow":["GET"]}}],"collection":[{"href":"https:\/\/zjarr.tv\/en\/wp-json\/wp\/v2\/posts"}],"about":[{"href":"https:\/\/zjarr.tv\/en\/wp-json\/wp\/v2\/types\/post"}],"author":[{"embeddable":true,"href":"https:\/\/zjarr.tv\/en\/wp-json\/wp\/v2\/users\/2013"}],"replies":[{"embeddable":true,"href":"https:\/\/zjarr.tv\/en\/wp-json\/wp\/v2\/comments?post=105997"}],"version-history":[{"count":0,"href":"https:\/\/zjarr.tv\/en\/wp-json\/wp\/v2\/posts\/105997\/revisions"}],"wp:featuredmedia":[{"embeddable":true,"href":"https:\/\/zjarr.tv\/en\/wp-json\/wp\/v2\/media\/106036"}],"wp:attachment":[{"href":"https:\/\/zjarr.tv\/en\/wp-json\/wp\/v2\/media?parent=105997"}],"wp:term":[{"taxonomy":"category","embeddable":true,"href":"https:\/\/zjarr.tv\/en\/wp-json\/wp\/v2\/categories?post=105997"},{"taxonomy":"post_tag","embeddable":true,"href":"https:\/\/zjarr.tv\/en\/wp-json\/wp\/v2\/tags?post=105997"}],"curies":[{"name":"wp","href":"https:\/\/api.w.org\/{rel}","templated":true}]}}