{"id":106004,"date":"2019-09-10T21:00:49","date_gmt":"2019-09-10T19:00:49","guid":{"rendered":"https:\/\/zjarr.tv\/?p=106004"},"modified":"2019-09-10T16:59:48","modified_gmt":"2019-09-10T14:59:48","slug":"video-sinead-o%ca%bcconnor-kendon-nothing-compares-2-u-me-shami","status":"publish","type":"post","link":"https:\/\/zjarr.tv\/en\/video-sinead-o%ca%bcconnor-kendon-nothing-compares-2-u-me-shami\/","title":{"rendered":"Video\/ Sinead O\u02bcConnor k\u00ebndon \u201cNothing Compares 2 U\u201d me shami"},"content":{"rendered":"<p>Me nj\u00eb veshje tradicionale islame, ngjyr\u00eb t\u00eb kuqe dhe me shami n\u00eb kok\u00eb, Sinead O\u2019Connor ka performuar p\u00ebr her\u00eb t\u00eb par\u00eb pas 5 vitesh n\u00eb sken\u00eb.<\/p>\n<div id=\"sticky-video--placeholder\"><\/div>\n<div id=\"sticky-video--close-button\" class=\"sticky-video--close-button-visible\"><\/div>\n<p><iframe src=\"https:\/\/www.youtube.com\/embed\/5KuGUP-C9Ko\" frameborder=\"0\" allowfullscreen=\"allowfullscreen\" data-sticky-video-state=\"sticky\" data-mce-fragment=\"1\"><\/iframe><br \/>\nE ftuar n\u00eb edicionin irlandez t\u00eb \u2018Late Late Show\u2019 artistja k\u00ebndoi \u2018Nothing Compares 2U\u2019 dhe \u2018Rainy Night in Soho\u2019 dhe ka treguar arsyet e konvertimit t\u00eb saj n\u00eb fen\u00eb islame.<\/p>\n<div id=\"sovrn\" class=\"desktop_ad ad_bottom_space\"><ins><\/ins><\/p>\n<div id=\"onetag-wrapper-3\" class=\"sovrn-onetag-ad\"><\/div>\n<\/div>\n<p>Sinead, 52 vje\u00e7, k\u00ebndoi hitet e saj e shoq\u00ebruar nga orkestra, nd\u00ebrsa reagimet ne rrjete sociale ishin t\u00eb pabesueshme.<\/p>\n<p>\u2018Ndjehem shum\u00eb mir\u00eb me k\u00ebt\u00eb fe\u2019, ka treguar 52-vje\u00e7arja, e cila \u00ebsht\u00eb konvertuar n\u00eb fen\u00eb myslimane vitin e shkuar, duke e ndryshuar emrin n\u00eb Shuhada Sadaqat.<br \/>\nAjo m\u00eb pas i tha drejtuesit t\u00eb programit: \u2019N\u00ebse do t\u00eb njihnit Kuranin, do e kuptonit q\u00eb keni qen\u00eb mysliman p\u00ebr t\u00eb gjith\u00eb jet\u00ebn, pa e kuptuar. Kjo m\u00eb ka ndodhur mua. Tani jam 52 vje\u00e7, jam rritur n\u00eb nj\u00eb Irland\u00eb shum\u00eb ndryshe nga ajo q\u00eb \u00ebsht\u00eb tani. Ishte nj\u00eb vend shum\u00eb i shtypur nga pik\u00ebpamja fetare.<\/p>\n<div id=\"pa_1x1_psbk_1568127558371\"><\/div>\n<p>T\u00eb gjith\u00eb ishim t\u00eb palumtur, askush nuk kishte g\u00ebzim dhe besim tek Zoti\u2019, ka vazhduar k\u00ebng\u00ebtarja, q\u00eb ka th\u00ebn\u00eb q\u00eb ka studiuar shkrimet e feve t\u00eb ndryshme: \u2019Mund t\u00eb jesh nj\u00eb mysliman edhe n\u00ebse nuk je nj\u00eb mysliman i lindur. Nj\u00eb mysliman \u00ebsht\u00eb nj\u00eb person q\u00eb beson q\u00eb i vetmi q\u00eb mund t\u00eb adhurohet n\u00eb univers \u00ebsht\u00eb Zoti. N\u00eb t\u00eb nj\u00ebjt\u00ebn m\u00ebnyr\u00eb un\u00eb mund t\u00eb kisha p\u00ebrqafuar edhe kristianizmin. Ka gj\u00ebra q\u00eb m\u00eb p\u00eblqejn\u00eb dhe t\u00eb tjera q\u00eb s\u2019m\u00eb p\u00eblqejn\u00eb, gj\u00ebra me t\u00eb cilat identifikohem dhe t\u00eb tjera q\u00eb s\u2019m\u00eb identifikojn\u00eb. Por me Islamin v\u00ebrtet\u00eb ndjehem shum\u00eb rehat, si n\u00eb sht\u00ebpin\u00eb time.<\/p>","protected":false},"excerpt":{"rendered":"<p>Me nj\u00eb veshje tradicionale islame, ngjyr\u00eb t\u00eb kuqe dhe me shami n\u00eb kok\u00eb, Sinead O\u2019Connor ka performuar p\u00ebr her\u00eb t\u00eb par\u00eb pas 5 vitesh n\u00eb sken\u00eb. E ftuar n\u00eb edicionin irlandez t\u00eb \u2018Late Late Show\u2019 artistja k\u00ebndoi \u2018Nothing Compares 2U\u2019 dhe \u2018Rainy Night in Soho\u2019 dhe ka treguar arsyet e konvertimit t\u00eb saj n\u00eb fen\u00eb [&hellip;]<\/p>\n","protected":false},"author":2013,"featured_media":106005,"comment_status":"open","ping_status":"closed","sticky":false,"template":"","format":"standard","meta":{"footnotes":""},"categories":[241,191],"tags":[],"class_list":{"0":"post-106004","1":"post","2":"type-post","3":"status-publish","4":"format-standard","5":"has-post-thumbnail","7":"category-aktualitet","8":"category-bota"},"_links":{"self":[{"href":"https:\/\/zjarr.tv\/en\/wp-json\/wp\/v2\/posts\/106004","targetHints":{"allow":["GET"]}}],"collection":[{"href":"https:\/\/zjarr.tv\/en\/wp-json\/wp\/v2\/posts"}],"about":[{"href":"https:\/\/zjarr.tv\/en\/wp-json\/wp\/v2\/types\/post"}],"author":[{"embeddable":true,"href":"https:\/\/zjarr.tv\/en\/wp-json\/wp\/v2\/users\/2013"}],"replies":[{"embeddable":true,"href":"https:\/\/zjarr.tv\/en\/wp-json\/wp\/v2\/comments?post=106004"}],"version-history":[{"count":0,"href":"https:\/\/zjarr.tv\/en\/wp-json\/wp\/v2\/posts\/106004\/revisions"}],"wp:featuredmedia":[{"embeddable":true,"href":"https:\/\/zjarr.tv\/en\/wp-json\/wp\/v2\/media\/106005"}],"wp:attachment":[{"href":"https:\/\/zjarr.tv\/en\/wp-json\/wp\/v2\/media?parent=106004"}],"wp:term":[{"taxonomy":"category","embeddable":true,"href":"https:\/\/zjarr.tv\/en\/wp-json\/wp\/v2\/categories?post=106004"},{"taxonomy":"post_tag","embeddable":true,"href":"https:\/\/zjarr.tv\/en\/wp-json\/wp\/v2\/tags?post=106004"}],"curies":[{"name":"wp","href":"https:\/\/api.w.org\/{rel}","templated":true}]}}