{"id":106007,"date":"2019-09-10T21:10:58","date_gmt":"2019-09-10T19:10:58","guid":{"rendered":"https:\/\/zjarr.tv\/?p=106007"},"modified":"2019-09-10T17:01:30","modified_gmt":"2019-09-10T15:01:30","slug":"ankohet-pakistani-ne-kashmir-mund-te-ndodhe-gjenocid-ndaj-popullates","status":"publish","type":"post","link":"https:\/\/zjarr.tv\/en\/ankohet-pakistani-ne-kashmir-mund-te-ndodhe-gjenocid-ndaj-popullates\/","title":{"rendered":"Ankohet Pakistani: N\u00eb Kashmir mund t\u00eb ndodh\u00eb gjenocid ndaj popullat\u00ebs"},"content":{"rendered":"<p>Ministri i Jasht\u00ebm i Pakistanit, Shah Mehmood Qureshi, i tha nj\u00eb forumi t\u00eb lart\u00eb p\u00ebr t\u00eb drejtat e njeriut t\u00eb Kombeve t\u00eb Bashkuara se \u201cokupimi i paligjsh\u00ebm ushtarak\u201d i Kashmirit me shumic\u00eb myslimane nga ana e Indis\u00eb, ngre frik\u00ebn p\u00ebr mund\u00ebsin\u00eb e nj\u00eb\u201dgjenocidi\u201d.<\/p>\n<div id=\"sovrn\" class=\"desktop_ad ad_bottom_space\"><\/div>\n<p>M\u00eb 5 gusht, India revokoi autonomin\u00eb e pjes\u00ebs s\u00eb administruar prej saj t\u00eb Kashmirit. \u201cPopulli i Kashmirit n\u00eb territorin e okupuar \u2013 si nj\u00eb grup komb\u00ebtar, etnik, racor dhe fetar \u2013 p\u00ebrballen me k\u00ebrc\u00ebnime t\u00eb m\u00ebdha p\u00ebr jet\u00ebn e tyre, p\u00ebr m\u00ebnyr\u00ebn e jetes\u00ebs nga nj\u00eb regjim vras\u00ebs, mizogjen dhe ksenofob\u201d, tha Qureshi.<\/p>\n<div id=\"pa_1x1_psbk_1568127672324\"><\/div>\n<p>Menj\u00ebher\u00eb pas revokimit t\u00eb autonomis\u00eb, kryeministri i Indis\u00eb, Narendra Modi, pati th\u00ebn\u00eb se masa do t\u00eb lejoj\u00eb q\u00eb Nju Delhi t\u00eb heq\u00eb qafe rajonin e \u201cterrorizmit dhe separatizmit\u201d.<\/p>\n<p>Kashmiri pretendohet edhe nga India dhe nga Pakistani. T\u00eb dyja vendet posedojn\u00eb arm\u00eb b\u00ebrthmore. Ato kan\u00eb zhvilluar dy luft\u00ebra dhe nj\u00eb konflikt t\u00eb kufizuar mbi Kashmirin q\u00eb nga viti 1947.<\/p>","protected":false},"excerpt":{"rendered":"<p>Ministri i Jasht\u00ebm i Pakistanit, Shah Mehmood Qureshi, i tha nj\u00eb forumi t\u00eb lart\u00eb p\u00ebr t\u00eb drejtat e njeriut t\u00eb Kombeve t\u00eb Bashkuara se \u201cokupimi i paligjsh\u00ebm ushtarak\u201d i Kashmirit me shumic\u00eb myslimane nga ana e Indis\u00eb, ngre frik\u00ebn p\u00ebr mund\u00ebsin\u00eb e nj\u00eb\u201dgjenocidi\u201d. M\u00eb 5 gusht, India revokoi autonomin\u00eb e pjes\u00ebs s\u00eb administruar prej saj [&hellip;]<\/p>\n","protected":false},"author":2013,"featured_media":106008,"comment_status":"open","ping_status":"closed","sticky":false,"template":"","format":"standard","meta":{"footnotes":""},"categories":[241,191],"tags":[],"class_list":{"0":"post-106007","1":"post","2":"type-post","3":"status-publish","4":"format-standard","5":"has-post-thumbnail","7":"category-aktualitet","8":"category-bota"},"_links":{"self":[{"href":"https:\/\/zjarr.tv\/en\/wp-json\/wp\/v2\/posts\/106007","targetHints":{"allow":["GET"]}}],"collection":[{"href":"https:\/\/zjarr.tv\/en\/wp-json\/wp\/v2\/posts"}],"about":[{"href":"https:\/\/zjarr.tv\/en\/wp-json\/wp\/v2\/types\/post"}],"author":[{"embeddable":true,"href":"https:\/\/zjarr.tv\/en\/wp-json\/wp\/v2\/users\/2013"}],"replies":[{"embeddable":true,"href":"https:\/\/zjarr.tv\/en\/wp-json\/wp\/v2\/comments?post=106007"}],"version-history":[{"count":0,"href":"https:\/\/zjarr.tv\/en\/wp-json\/wp\/v2\/posts\/106007\/revisions"}],"wp:featuredmedia":[{"embeddable":true,"href":"https:\/\/zjarr.tv\/en\/wp-json\/wp\/v2\/media\/106008"}],"wp:attachment":[{"href":"https:\/\/zjarr.tv\/en\/wp-json\/wp\/v2\/media?parent=106007"}],"wp:term":[{"taxonomy":"category","embeddable":true,"href":"https:\/\/zjarr.tv\/en\/wp-json\/wp\/v2\/categories?post=106007"},{"taxonomy":"post_tag","embeddable":true,"href":"https:\/\/zjarr.tv\/en\/wp-json\/wp\/v2\/tags?post=106007"}],"curies":[{"name":"wp","href":"https:\/\/api.w.org\/{rel}","templated":true}]}}