{"id":106010,"date":"2019-09-10T21:20:44","date_gmt":"2019-09-10T19:20:44","guid":{"rendered":"https:\/\/zjarr.tv\/?p=106010"},"modified":"2019-09-10T17:02:13","modified_gmt":"2019-09-10T15:02:13","slug":"shefi-i-nissan-it-detyrohet-te-jape-doreheqje-per-shkak-te-skandalit-me-pagat","status":"publish","type":"post","link":"https:\/\/zjarr.tv\/en\/shefi-i-nissan-it-detyrohet-te-jape-doreheqje-per-shkak-te-skandalit-me-pagat\/","title":{"rendered":"Shefi i Nissan-it detyrohet t\u00eb jap\u00eb dor\u00ebheqje p\u00ebr shkak t\u00eb skandalit me pagat"},"content":{"rendered":"<p>Hiroto Saikawa, shef ekzekutiv i prodhuesit t\u00eb makinave Nissan, do t\u00eb jap\u00eb dor\u00ebheqje jav\u00ebn e ardhshme, p\u00ebr shkak t\u00eb nj\u00eb skandali me paga.<\/p>\n<p>Njoftimi u b\u00eb t\u00eb h\u00ebn\u00ebn pas takimit t\u00eb bordit t\u00eb Nissanit.<\/p>\n<p>Saikawa ka qen\u00eb n\u00ebn presion, pasi ka th\u00ebn\u00eb se ka qen\u00eb tejet i paguar, n\u00eb kuad\u00ebr t\u00eb nj\u00eb skeme bonusesh.<\/p>\n<p>Edhe pse thuhet se ka p\u00ebrfituar qindra-mij\u00ebra dollar\u00eb, ai ka mohuar \u00e7do keqb\u00ebrje.<\/p>\n<p>Kryetari i bordit, Yasushi Kimura, u tha gazetar\u00ebve se Saikawa do t\u00eb largohet m\u00eb 16 shtator.<\/p>\n<div id=\"pa_1x1_psbk_1568127718352\"><\/div>\n<p>\u201cPas diskutimeve t\u00eb bordit, bordi i ka k\u00ebrkuar Saikawas t\u00eb jap\u00eb dor\u00ebheqje nga pozita e shefit ekzekutiv. Saikawa e ka pranuar k\u00ebt\u00eb\u201d, tha Kimura.<\/p>\n<p>K\u00ebto jan\u00eb telashet e fundit q\u00eb p\u00ebrfshijn\u00eb prodhuesin japonez t\u00eb makinave.<\/p>\n<p>N\u00eb n\u00ebntor \u00ebsht\u00eb arrestuar ish-udh\u00ebheq\u00ebsi i kompanis\u00eb, Carlos Ghosn.<\/p>\n<p>Ghosn, arkitekt i aleanc\u00ebs Renault-Nissan, p\u00ebrballet me akuza p\u00ebr sjellje t\u00eb keqe financiare dhe shkelje t\u00eb besimit.<\/p>\n<p>Ai mohon \u00e7do keqb\u00ebrje dhe ka th\u00ebn\u00eb se arrestimi i tij n\u00eb Japoni ka qen\u00eb rezultat i nj\u00eb \u201ckomploti dhe tradhtie\u201d kund\u00ebr tij.<\/p>\n<p>Saga ka hedhur dyshime mbi t\u00eb ardhmen e aleanc\u00ebs Renault-Nissan dhe perspektiv\u00ebn e kompanis\u00eb.<\/p>","protected":false},"excerpt":{"rendered":"<p>Hiroto Saikawa, shef ekzekutiv i prodhuesit t\u00eb makinave Nissan, do t\u00eb jap\u00eb dor\u00ebheqje jav\u00ebn e ardhshme, p\u00ebr shkak t\u00eb nj\u00eb skandali me paga. Njoftimi u b\u00eb t\u00eb h\u00ebn\u00ebn pas takimit t\u00eb bordit t\u00eb Nissanit. Saikawa ka qen\u00eb n\u00ebn presion, pasi ka th\u00ebn\u00eb se ka qen\u00eb tejet i paguar, n\u00eb kuad\u00ebr t\u00eb nj\u00eb skeme bonusesh. Edhe [&hellip;]<\/p>\n","protected":false},"author":2013,"featured_media":106011,"comment_status":"open","ping_status":"closed","sticky":false,"template":"","format":"standard","meta":{"footnotes":""},"categories":[241,191],"tags":[],"class_list":{"0":"post-106010","1":"post","2":"type-post","3":"status-publish","4":"format-standard","5":"has-post-thumbnail","7":"category-aktualitet","8":"category-bota"},"_links":{"self":[{"href":"https:\/\/zjarr.tv\/en\/wp-json\/wp\/v2\/posts\/106010","targetHints":{"allow":["GET"]}}],"collection":[{"href":"https:\/\/zjarr.tv\/en\/wp-json\/wp\/v2\/posts"}],"about":[{"href":"https:\/\/zjarr.tv\/en\/wp-json\/wp\/v2\/types\/post"}],"author":[{"embeddable":true,"href":"https:\/\/zjarr.tv\/en\/wp-json\/wp\/v2\/users\/2013"}],"replies":[{"embeddable":true,"href":"https:\/\/zjarr.tv\/en\/wp-json\/wp\/v2\/comments?post=106010"}],"version-history":[{"count":0,"href":"https:\/\/zjarr.tv\/en\/wp-json\/wp\/v2\/posts\/106010\/revisions"}],"wp:featuredmedia":[{"embeddable":true,"href":"https:\/\/zjarr.tv\/en\/wp-json\/wp\/v2\/media\/106011"}],"wp:attachment":[{"href":"https:\/\/zjarr.tv\/en\/wp-json\/wp\/v2\/media?parent=106010"}],"wp:term":[{"taxonomy":"category","embeddable":true,"href":"https:\/\/zjarr.tv\/en\/wp-json\/wp\/v2\/categories?post=106010"},{"taxonomy":"post_tag","embeddable":true,"href":"https:\/\/zjarr.tv\/en\/wp-json\/wp\/v2\/tags?post=106010"}],"curies":[{"name":"wp","href":"https:\/\/api.w.org\/{rel}","templated":true}]}}