{"id":106022,"date":"2019-09-10T22:00:29","date_gmt":"2019-09-10T20:00:29","guid":{"rendered":"https:\/\/zjarr.tv\/?p=106022"},"modified":"2019-09-10T17:07:14","modified_gmt":"2019-09-10T15:07:14","slug":"franca-shteti-me-i-goditur-nga-vapa-perveluese","status":"publish","type":"post","link":"https:\/\/zjarr.tv\/en\/franca-shteti-me-i-goditur-nga-vapa-perveluese\/","title":{"rendered":"Franca, shteti m\u00eb i goditur nga vapa p\u00ebrv\u00ebluese"},"content":{"rendered":"<p>Kjo ver\u00eb \u00ebsht\u00eb konsideruar si nj\u00eb nd\u00ebr m\u00eb t\u00eb nxehtat n\u00eb histori, sidomos p\u00ebr Europ\u00ebn. Shteti m\u00eb i prekur nga vapa p\u00ebrv\u00ebluese ka qen\u00eb Franca. Dit\u00ebt me temperaturat m\u00eb t\u00eb larta kan\u00eb qen\u00eb ato t\u00eb fundit t\u00eb Qershorit dhe fillimit t\u00eb Korrikut.<\/p>\n<p>Ministrja e Sh\u00ebndet\u00ebsis\u00eb, Agnss Buzyn, gjat\u00eb nj\u00eb interviste n\u00eb media ka th\u00ebn\u00eb se n\u00eb k\u00ebt\u00eb periudhe kur termometri ka sh\u00ebnuar deri n\u00eb 45 grad\u00eb celsius, kan\u00eb humbur jet\u00ebn 1500 persona. Ajo shtoi se krahasuar me vitin e kaluar jan\u00eb sh\u00ebnuar 1000 vdekje m\u00eb shum\u00eb. Pjesa m\u00eb e madhe e viktimave i p\u00ebrket mosh\u00ebs s\u00eb tret\u00eb si dhe personave q\u00eb punonin n\u00eb ambiente t\u00eb hapura.<\/p>\n<div id=\"rekl-28\"><\/div>\n<p>Gjithsesi, ministrja theksoi se jan\u00eb m\u00eb pak viktima se vala e t\u00eb nxehtit q\u00eb preku Franc\u00ebn n\u00eb vitin 2003, e cila u mori jet\u00ebn 15.000 personave.<\/p>\n<div id=\"rekl-13\">\n<div id=\"__sap-ad-15\" class=\"__sap-ads __sap-html tracked\" data-title=\"Credins desktop 08\"><ins><\/p>\n<div id=\"beacon_019a7e4b06\"><img loading=\"lazy\" decoding=\"async\" src=\"https:\/\/ads1.medium.al\/www\/delivery\/lg.php?bannerid=373&amp;campaignid=48&amp;zoneid=182&amp;loc=https%3A%2F%2Fwww.syri.net%2Fbote%2F279384%2Ffranca-shteti-me-i-goditur-nga-vapa-perveluese-1500-te-vdekur%2F&amp;referer=https%3A%2F%2Fwww.syri.net%2Fbote%2F&amp;cb=019a7e4b06\" alt=\"\" width=\"0\" height=\"0\" \/><\/div>\n<p><\/ins><\/div>\n<\/div>\n<p>Kjo val\u00eb e nxeht\u00eb ka qen\u00eb problem edhe p\u00ebr shum\u00eb vende t\u00eb tjera. N\u00eb Mbret\u00ebrin\u00eb e Bashkuar, n\u00eb fund t\u00eb muajit Qershor u regjistruan 614 viktima si pasoj\u00eb e temperaturave t\u00eb larta. Edhe n\u00eb Gjermani u sh\u00ebnua nj\u00eb num\u00ebr i lart\u00eb personash q\u00eb humb\u00ebn jet\u00ebn p\u00ebr shkak t\u00eb t\u00eb nxehtit.<\/p>\n<p>Ekspert\u00ebt thon\u00eb se kjo situat\u00eb vjen si pasoj\u00eb e emetimit t\u00eb gazeve, por shqet\u00ebsues \u00ebsht\u00eb fakti se kjo val\u00eb t\u00eb nxehti ekstrem po b\u00ebhet e zakont\u00eb p\u00ebr stin\u00ebn e ver\u00ebs dhe Europa nuk \u00ebsht\u00eb e p\u00ebrgatitur p\u00ebr ta p\u00ebrballuar at\u00eb.<\/p>","protected":false},"excerpt":{"rendered":"<p>Kjo ver\u00eb \u00ebsht\u00eb konsideruar si nj\u00eb nd\u00ebr m\u00eb t\u00eb nxehtat n\u00eb histori, sidomos p\u00ebr Europ\u00ebn. Shteti m\u00eb i prekur nga vapa p\u00ebrv\u00ebluese ka qen\u00eb Franca. Dit\u00ebt me temperaturat m\u00eb t\u00eb larta kan\u00eb qen\u00eb ato t\u00eb fundit t\u00eb Qershorit dhe fillimit t\u00eb Korrikut. Ministrja e Sh\u00ebndet\u00ebsis\u00eb, Agnss Buzyn, gjat\u00eb nj\u00eb interviste n\u00eb media ka th\u00ebn\u00eb se [&hellip;]<\/p>\n","protected":false},"author":2013,"featured_media":106023,"comment_status":"open","ping_status":"closed","sticky":false,"template":"","format":"standard","meta":{"footnotes":""},"categories":[241,191],"tags":[],"class_list":{"0":"post-106022","1":"post","2":"type-post","3":"status-publish","4":"format-standard","5":"has-post-thumbnail","7":"category-aktualitet","8":"category-bota"},"_links":{"self":[{"href":"https:\/\/zjarr.tv\/en\/wp-json\/wp\/v2\/posts\/106022","targetHints":{"allow":["GET"]}}],"collection":[{"href":"https:\/\/zjarr.tv\/en\/wp-json\/wp\/v2\/posts"}],"about":[{"href":"https:\/\/zjarr.tv\/en\/wp-json\/wp\/v2\/types\/post"}],"author":[{"embeddable":true,"href":"https:\/\/zjarr.tv\/en\/wp-json\/wp\/v2\/users\/2013"}],"replies":[{"embeddable":true,"href":"https:\/\/zjarr.tv\/en\/wp-json\/wp\/v2\/comments?post=106022"}],"version-history":[{"count":0,"href":"https:\/\/zjarr.tv\/en\/wp-json\/wp\/v2\/posts\/106022\/revisions"}],"wp:featuredmedia":[{"embeddable":true,"href":"https:\/\/zjarr.tv\/en\/wp-json\/wp\/v2\/media\/106023"}],"wp:attachment":[{"href":"https:\/\/zjarr.tv\/en\/wp-json\/wp\/v2\/media?parent=106022"}],"wp:term":[{"taxonomy":"category","embeddable":true,"href":"https:\/\/zjarr.tv\/en\/wp-json\/wp\/v2\/categories?post=106022"},{"taxonomy":"post_tag","embeddable":true,"href":"https:\/\/zjarr.tv\/en\/wp-json\/wp\/v2\/tags?post=106022"}],"curies":[{"name":"wp","href":"https:\/\/api.w.org\/{rel}","templated":true}]}}