{"id":106028,"date":"2019-09-10T22:20:31","date_gmt":"2019-09-10T20:20:31","guid":{"rendered":"https:\/\/zjarr.tv\/?p=106028"},"modified":"2019-09-10T17:11:06","modified_gmt":"2019-09-10T15:11:06","slug":"moderatori-i-njohur-shqiptar-denohet-me-burg-per-posedim-te-lendeve-narkotike","status":"publish","type":"post","link":"https:\/\/zjarr.tv\/en\/moderatori-i-njohur-shqiptar-denohet-me-burg-per-posedim-te-lendeve-narkotike\/","title":{"rendered":"Moderatori i njohur shqiptar d\u00ebnohet me burg p\u00ebr posedim t\u00eb l\u00ebnd\u00ebve narkotike"},"content":{"rendered":"<p>Mentor Shuki \u00ebsht\u00eb nj\u00eb\u00a0personazh\u00a0shum\u00eb i njohur televiz dhe nj\u00eb stand- up komedian gjithashtu.<\/p>\n<p>N\u00eb fillim t\u00eb vitit 2019 n\u00eb sht\u00ebpin\u00eb e\u00a0moderatorit t\u00eb njohur policia e Kosov\u00ebs gjeti kat\u00ebr gram l\u00ebnd\u00eb narkotike t\u00eb llojit, Amfetamin\u00eb dhe p\u00ebrve\u00e7 saj ai kishte 84 gram l\u00ebnd\u00eb t\u00eb l\u00ebngshme pa ngjyr\u00eb dhe pa arom\u00eb, e cila dyshohet t\u00eb jet\u00eb GHB.<\/p>\n<div id=\"rekl-28\"><\/div>\n<p>Dhe dit\u00ebn e djeshme n\u00eb Gjykat\u00ebn e Prishtin\u00ebs \u00ebsht\u00eb mbajtur seanca gjyq\u00ebsore dhe n\u00eb fund prezantuesi ka pranuar fajin.<\/p>\n<div id=\"rekl-13\">\n<div id=\"__sap-ad-15\" class=\"__sap-ads __sap-html tracked\" data-title=\"Credins desktop 08\"><ins><\/p>\n<div id=\"beacon_12e925921f\"><img loading=\"lazy\" decoding=\"async\" src=\"https:\/\/ads1.medium.al\/www\/delivery\/lg.php?bannerid=373&amp;campaignid=48&amp;zoneid=182&amp;loc=https%3A%2F%2Fwww.syri.net%2Fjete-stil%2F279461%2Fmoderatori-i-njohur-shqiptar-denohet-me-burg-per-posedim-te-lendeve-narkotike%2F&amp;referer=https%3A%2F%2Fwww.syri.net%2Fjete-stil%2F&amp;cb=12e925921f\" alt=\"\" width=\"0\" height=\"0\" \/><\/div>\n<p><\/ins><\/div>\n<\/div>\n<p>Ai u shpall fajtor p\u00ebr posedim t\u00eb l\u00ebnd\u00ebve narkotike dhe\u00a0Gjykata n\u00eb fund vendosi \u00a01 vit burg me detyrim dhe 200 euro gjob\u00eb p\u00ebr Mentorin, nd\u00ebrsa bashk\u00ebpun\u00ebtori i tij \u00ebsht\u00eb d\u00ebnuar me 6 muaj burg dhe 500 euro gjob\u00eb.<\/p>","protected":false},"excerpt":{"rendered":"<p>Mentor Shuki \u00ebsht\u00eb nj\u00eb\u00a0personazh\u00a0shum\u00eb i njohur televiz dhe nj\u00eb stand- up komedian gjithashtu. N\u00eb fillim t\u00eb vitit 2019 n\u00eb sht\u00ebpin\u00eb e\u00a0moderatorit t\u00eb njohur policia e Kosov\u00ebs gjeti kat\u00ebr gram l\u00ebnd\u00eb narkotike t\u00eb llojit, Amfetamin\u00eb dhe p\u00ebrve\u00e7 saj ai kishte 84 gram l\u00ebnd\u00eb t\u00eb l\u00ebngshme pa ngjyr\u00eb dhe pa arom\u00eb, e cila dyshohet t\u00eb jet\u00eb GHB. [&hellip;]<\/p>\n","protected":false},"author":2013,"featured_media":106029,"comment_status":"open","ping_status":"closed","sticky":false,"template":"","format":"standard","meta":{"footnotes":""},"categories":[241,193],"tags":[],"class_list":{"0":"post-106028","1":"post","2":"type-post","3":"status-publish","4":"format-standard","5":"has-post-thumbnail","7":"category-aktualitet","8":"category-showbiz"},"_links":{"self":[{"href":"https:\/\/zjarr.tv\/en\/wp-json\/wp\/v2\/posts\/106028","targetHints":{"allow":["GET"]}}],"collection":[{"href":"https:\/\/zjarr.tv\/en\/wp-json\/wp\/v2\/posts"}],"about":[{"href":"https:\/\/zjarr.tv\/en\/wp-json\/wp\/v2\/types\/post"}],"author":[{"embeddable":true,"href":"https:\/\/zjarr.tv\/en\/wp-json\/wp\/v2\/users\/2013"}],"replies":[{"embeddable":true,"href":"https:\/\/zjarr.tv\/en\/wp-json\/wp\/v2\/comments?post=106028"}],"version-history":[{"count":0,"href":"https:\/\/zjarr.tv\/en\/wp-json\/wp\/v2\/posts\/106028\/revisions"}],"wp:featuredmedia":[{"embeddable":true,"href":"https:\/\/zjarr.tv\/en\/wp-json\/wp\/v2\/media\/106029"}],"wp:attachment":[{"href":"https:\/\/zjarr.tv\/en\/wp-json\/wp\/v2\/media?parent=106028"}],"wp:term":[{"taxonomy":"category","embeddable":true,"href":"https:\/\/zjarr.tv\/en\/wp-json\/wp\/v2\/categories?post=106028"},{"taxonomy":"post_tag","embeddable":true,"href":"https:\/\/zjarr.tv\/en\/wp-json\/wp\/v2\/tags?post=106028"}],"curies":[{"name":"wp","href":"https:\/\/api.w.org\/{rel}","templated":true}]}}