{"id":106034,"date":"2019-09-10T22:40:41","date_gmt":"2019-09-10T20:40:41","guid":{"rendered":"https:\/\/zjarr.tv\/?p=106034"},"modified":"2019-09-10T17:13:30","modified_gmt":"2019-09-10T15:13:30","slug":"prapaskenat-nuk-pranoi-te-luante-kunder-frances-ja-pse-u-largua-berisha-nga-kombetarja","status":"publish","type":"post","link":"https:\/\/zjarr.tv\/en\/prapaskenat-nuk-pranoi-te-luante-kunder-frances-ja-pse-u-largua-berisha-nga-kombetarja\/","title":{"rendered":"Prapaskenat\/ Nuk pranoi t\u00eb luante kund\u00ebr Franc\u00ebs, ja pse u largua Berisha nga Komb\u00ebtarja"},"content":{"rendered":"<p>Etrit Berisha \u00ebsht\u00eb larguar dje nga grumbullimi dhe vendin e tij e ka z\u00ebn\u00eb pas pasdites s\u00eb djeshme Gentian Selmani.<\/p>\n<p>\u201cKemi nj\u00eb ndryshim n\u00eb list\u00ebn e Komb\u00ebtares A. P\u00ebr arsye d\u00ebmtimi \u00ebsht\u00eb larguar sot Etrit Berisha dhe vendin e tij e merr Gentian Selmani nga U-21\u201d, njoftoi dje n\u00eb mesdit\u00eb zyra p\u00ebr shtyp e FSHFs\u00eb.<\/p>\n<p>\u201cPanorama Sport\u201d ka zbuluar\u00a0 prapasken\u00ebn me portierin e SPAL-it. Ai ishte projektuar p\u00ebr t\u00eb qen\u00eb titullar ndaj Franc\u00ebs dhe gazeta ka m\u00ebsuar nga burime konfidenciale pran\u00eb kuqezinjve se portieri \u00ebsht\u00eb t\u00ebrhequr dit\u00ebn e fundit para p\u00ebrballjes me \u201cgjelat\u201d dhe i ka k\u00ebrkuar trajnerit q\u00eb t\u00eb mos jet\u00eb n\u00eb fush\u00ebn e loj\u00ebs. Arsyeja p\u00ebr k\u00ebt\u00eb k\u00ebrkes\u00eb t\u00eb tij ka qen\u00eb se nuk ndihet n\u00eb 100% t\u00eb form\u00ebs, p\u00ebr shkak t\u00eb dhimbjeve n\u00eb k\u00ebmb\u00eb.<\/p>\n<div id=\"rekl-13\">\n<div id=\"__sap-ad-15\" class=\"__sap-ads __sap-html tracked\" data-title=\"Credins desktop 08\"><\/div>\n<\/div>\n<p>Kjo k\u00ebrkes\u00eb \u00ebsht\u00eb pranuar nga Reja dhe stafi i tij dhe dit\u00ebn pasi ekipi \u00ebsht\u00eb kthyer n\u00eb vendin ton\u00eb, stafi mjek\u00ebsor ka vendosur t\u00eb b\u00ebj\u00eb nj\u00eb kontroll t\u00eb specializuar.<\/p>\n<p>N\u00eb t\u00eb v\u00ebrtet\u00eb, \u00ebsht\u00eb v\u00ebn\u00eb re n\u00eb rezonanc\u00eb q\u00eb b\u00ebhet fjal\u00eb p\u00ebr nj\u00eb inflamacion (enjtje), por gjithsesi jo e grad\u00ebs sa p\u00ebr t\u00eb ndaluar nj\u00eb portier t\u00eb jet\u00eb n\u00eb fush\u00ebn e loj\u00ebs. Dje \u00ebsht\u00eb p\u00ebrcaktuar edhe nisja e tij drejt Italis\u00eb, ku rreth or\u00ebs 12:00 ka l\u00ebn\u00eb tok\u00ebn shqiptare p\u00ebr t\u00eb fluturuar jasht\u00eb vendit.<\/p>","protected":false},"excerpt":{"rendered":"<p>Etrit Berisha \u00ebsht\u00eb larguar dje nga grumbullimi dhe vendin e tij e ka z\u00ebn\u00eb pas pasdites s\u00eb djeshme Gentian Selmani. \u201cKemi nj\u00eb ndryshim n\u00eb list\u00ebn e Komb\u00ebtares A. P\u00ebr arsye d\u00ebmtimi \u00ebsht\u00eb larguar sot Etrit Berisha dhe vendin e tij e merr Gentian Selmani nga U-21\u201d, njoftoi dje n\u00eb mesdit\u00eb zyra p\u00ebr shtyp e FSHFs\u00eb. [&hellip;]<\/p>\n","protected":false},"author":2013,"featured_media":100040,"comment_status":"open","ping_status":"closed","sticky":false,"template":"","format":"standard","meta":{"footnotes":""},"categories":[241,192],"tags":[],"class_list":{"0":"post-106034","1":"post","2":"type-post","3":"status-publish","4":"format-standard","5":"has-post-thumbnail","7":"category-aktualitet","8":"category-sport"},"_links":{"self":[{"href":"https:\/\/zjarr.tv\/en\/wp-json\/wp\/v2\/posts\/106034","targetHints":{"allow":["GET"]}}],"collection":[{"href":"https:\/\/zjarr.tv\/en\/wp-json\/wp\/v2\/posts"}],"about":[{"href":"https:\/\/zjarr.tv\/en\/wp-json\/wp\/v2\/types\/post"}],"author":[{"embeddable":true,"href":"https:\/\/zjarr.tv\/en\/wp-json\/wp\/v2\/users\/2013"}],"replies":[{"embeddable":true,"href":"https:\/\/zjarr.tv\/en\/wp-json\/wp\/v2\/comments?post=106034"}],"version-history":[{"count":0,"href":"https:\/\/zjarr.tv\/en\/wp-json\/wp\/v2\/posts\/106034\/revisions"}],"wp:featuredmedia":[{"embeddable":true,"href":"https:\/\/zjarr.tv\/en\/wp-json\/wp\/v2\/media\/100040"}],"wp:attachment":[{"href":"https:\/\/zjarr.tv\/en\/wp-json\/wp\/v2\/media?parent=106034"}],"wp:term":[{"taxonomy":"category","embeddable":true,"href":"https:\/\/zjarr.tv\/en\/wp-json\/wp\/v2\/categories?post=106034"},{"taxonomy":"post_tag","embeddable":true,"href":"https:\/\/zjarr.tv\/en\/wp-json\/wp\/v2\/tags?post=106034"}],"curies":[{"name":"wp","href":"https:\/\/api.w.org\/{rel}","templated":true}]}}