{"id":106038,"date":"2019-09-10T17:17:09","date_gmt":"2019-09-10T15:17:09","guid":{"rendered":"https:\/\/zjarr.tv\/?p=106038"},"modified":"2019-09-10T17:17:09","modified_gmt":"2019-09-10T15:17:09","slug":"tahiri-i-bindur-kam-prova-radaret-nuk-jane-fikur","status":"publish","type":"post","link":"https:\/\/zjarr.tv\/en\/tahiri-i-bindur-kam-prova-radaret-nuk-jane-fikur\/","title":{"rendered":"Tahiri i bindur: Kam prova, radar\u00ebt nuk jan\u00eb fikur"},"content":{"rendered":"<p>Ish-ministri i Brendsh\u00ebm, Saimir Tahiri shprehet i bindur se radar\u00ebt n\u00eb qendr\u00ebn p\u00ebr siguri komb\u00ebtare n\u00eb Sazan nuk jan\u00eb fikur. Gjat\u00eb nj\u00eb deklarat\u00eb p\u00ebr mediat, pas seanc\u00ebs, ish-ministri tha se Siguria Kombetare e Shqip\u00ebris\u00eb nuk \u00ebsht\u00eb n\u00eb dor\u00eb t\u00eb nj\u00eb operatori, i kujdo institucioni qoft\u00eb.<\/p>\n<p><strong>Tahiri:<\/strong><em>\u00a0N\u00eb dijenin\u00eb time radar\u00ebt teknikisht nuk mund t\u00eb fiken. Prokuroria kishte dy vjet koh\u00eb t\u00eb v\u00ebrtetonte q\u00eb n\u00ebse n\u00eb kuad\u00ebr t\u00eb cil\u00ebsdo veprimtari kriminale k\u00ebto radar\u00eb mund t\u00eb fiken. Un\u00eb e di q\u00eb jo dhe un\u00eb kam prova q\u00eb jo dhe i thash\u00eb n\u00eb seanc\u00eb. \u00a0Prokuroria le t\u00eb vij\u00eb dhe le t\u00eb thot\u00eb q\u00eb jo nuk \u00ebsht\u00eb k\u00ebshtu, k\u00ebta radar\u00eb jan\u00eb fikur. Un\u00eb e them jo dhe jo nuk ka ndodhur kurr\u00eb q\u00eb t\u00eb fiken radar\u00ebt. Siguria komb\u00ebtare n\u00eb republik\u00ebn e Shqip\u00ebris\u00eb nuk i \u00ebsht\u00eb l\u00ebn\u00eb n\u00eb dor\u00eb me nj\u00eb \u00e7el\u00ebs nj\u00eb operatori cilido qoft\u00eb ky, n\u00eb cilindo institucion, n\u00eb cfar\u00ebdo detyre. Prokuroria e hamend\u00ebson sikur kjo \u00ebsht\u00eb pjes\u00eb e veprimtaris\u00eb kriminale.<\/em><\/p>","protected":false},"excerpt":{"rendered":"<p>Ish-ministri i Brendsh\u00ebm, Saimir Tahiri shprehet i bindur se radar\u00ebt n\u00eb qendr\u00ebn p\u00ebr siguri komb\u00ebtare n\u00eb Sazan nuk jan\u00eb fikur. Gjat\u00eb nj\u00eb deklarat\u00eb p\u00ebr mediat, pas seanc\u00ebs, ish-ministri tha se Siguria Kombetare e Shqip\u00ebris\u00eb nuk \u00ebsht\u00eb n\u00eb dor\u00eb t\u00eb nj\u00eb operatori, i kujdo institucioni qoft\u00eb. Tahiri:\u00a0N\u00eb dijenin\u00eb time radar\u00ebt teknikisht nuk mund t\u00eb fiken. Prokuroria [&hellip;]<\/p>\n","protected":false},"author":2013,"featured_media":97991,"comment_status":"open","ping_status":"closed","sticky":false,"template":"","format":"standard","meta":{"footnotes":""},"categories":[241,235],"tags":[],"class_list":{"0":"post-106038","1":"post","2":"type-post","3":"status-publish","4":"format-standard","5":"has-post-thumbnail","7":"category-aktualitet","8":"category-vendi"},"_links":{"self":[{"href":"https:\/\/zjarr.tv\/en\/wp-json\/wp\/v2\/posts\/106038","targetHints":{"allow":["GET"]}}],"collection":[{"href":"https:\/\/zjarr.tv\/en\/wp-json\/wp\/v2\/posts"}],"about":[{"href":"https:\/\/zjarr.tv\/en\/wp-json\/wp\/v2\/types\/post"}],"author":[{"embeddable":true,"href":"https:\/\/zjarr.tv\/en\/wp-json\/wp\/v2\/users\/2013"}],"replies":[{"embeddable":true,"href":"https:\/\/zjarr.tv\/en\/wp-json\/wp\/v2\/comments?post=106038"}],"version-history":[{"count":0,"href":"https:\/\/zjarr.tv\/en\/wp-json\/wp\/v2\/posts\/106038\/revisions"}],"wp:featuredmedia":[{"embeddable":true,"href":"https:\/\/zjarr.tv\/en\/wp-json\/wp\/v2\/media\/97991"}],"wp:attachment":[{"href":"https:\/\/zjarr.tv\/en\/wp-json\/wp\/v2\/media?parent=106038"}],"wp:term":[{"taxonomy":"category","embeddable":true,"href":"https:\/\/zjarr.tv\/en\/wp-json\/wp\/v2\/categories?post=106038"},{"taxonomy":"post_tag","embeddable":true,"href":"https:\/\/zjarr.tv\/en\/wp-json\/wp\/v2\/tags?post=106038"}],"curies":[{"name":"wp","href":"https:\/\/api.w.org\/{rel}","templated":true}]}}