{"id":106041,"date":"2019-09-10T17:24:41","date_gmt":"2019-09-10T15:24:41","guid":{"rendered":"https:\/\/zjarr.tv\/?p=106041"},"modified":"2019-09-10T17:24:41","modified_gmt":"2019-09-10T15:24:41","slug":"deputeti-shqiptar-takon-miliarderin-amerikan-ish-zedhenes-i-trump-ja-cfare-thote-per-shqiperine","status":"publish","type":"post","link":"https:\/\/zjarr.tv\/en\/deputeti-shqiptar-takon-miliarderin-amerikan-ish-zedhenes-i-trump-ja-cfare-thote-per-shqiperine\/","title":{"rendered":"Deputeti shqiptar takon miliarderin amerikan, ish-z\u00ebdh\u00ebn\u00ebs i Trump, ja \u00e7far\u00eb thot\u00eb p\u00ebr Shqip\u00ebrin\u00eb"},"content":{"rendered":"<p>Deputeti i opozit\u00ebs s\u00eb re parlamentare Alban Zeneli ka zhvilluar nj\u00eb takim t\u00eb ve\u00e7ant\u00eb n\u00eb SHBA. Ai \u00ebsht\u00eb takuar me ish-z\u00ebdh\u00ebn\u00ebsin e presidentit amerikan Donald Trump, miliarderin amerikan t\u00eb Wall Street Anthony Scaramu\u00e7i. Zeneli thot\u00eb se ka zhvilluar nj\u00eb takim t\u00eb p\u00ebrzem\u00ebrt pune n\u00eb New York me mikun e tij, duke e konsideruar edhe mik t\u00eb Shqip\u00ebris\u00eb.<\/p>\n<p>\u201cTakim i p\u00ebrzem\u00ebrt pune n\u00eb New York me mikun tim dhe tashm\u00eb edhe t\u00eb Shqip\u00ebris\u00eb Anthony Scaramucci\u201d, shprehet Zeneli.<\/p>\n<p>Anthony Scaramucci \u00ebsht\u00eb nj\u00eb biznesmen shum\u00eb i suksessh\u00ebm n\u00eb SHBA apo i njohur ndryshe edhe si Djaloshi Miliarder i Wall Street. Anthony Scaramucci \u00ebsht\u00eb pronari i Skybridge, autor i suksessh\u00ebm librash, nj\u00ebri nd\u00ebr personazhet mediatik\u00eb m\u00eb t\u00eb njohur n\u00eb SHBA, i angazhuar politikisht n\u00eb b\u00ebrtham\u00ebn e Partis\u00eb Republikane n\u00eb SHBA. Scaramucci ka sh\u00ebrbyer p\u00ebr 11 dit\u00eb edhe si Z\u00ebdh\u00ebn\u00ebsi i Sht\u00ebpis\u00eb s\u00eb Bardh\u00eb dhe Presidentit Donald Trump.<\/p>\n<div id=\"pa_1x1_psbk_1568129050902\"><\/div>\n<p>Deputeti shqiptar tregon m\u00eb tej se ka biseduar me miliarderin amerikan p\u00ebr situat\u00ebn n\u00eb Shqip\u00ebri duke theksuar se \u00ebsht\u00eb koha p\u00ebr nj\u00eb bashk\u00ebpunim t\u00eb ngusht\u00eb me SHBA.<br \/>\n\u201cBiseduam p\u00ebr situat\u00ebn q\u00eb po kalon Shqip\u00ebria dhe nevoj\u00ebn p\u00ebr nj\u00eb opozitariz\u00ebm substancial t\u00eb s\u00eb djatht\u00ebs. Koha p\u00ebr bashk\u00ebpunim t\u00eb ngusht\u00eb me SHBA. Shqip\u00ebria me SHBA, kjo \u00ebsht\u00eb motoja jon\u00eb\u201d, thot\u00eb ai.<\/p>","protected":false},"excerpt":{"rendered":"<p>Deputeti i opozit\u00ebs s\u00eb re parlamentare Alban Zeneli ka zhvilluar nj\u00eb takim t\u00eb ve\u00e7ant\u00eb n\u00eb SHBA. Ai \u00ebsht\u00eb takuar me ish-z\u00ebdh\u00ebn\u00ebsin e presidentit amerikan Donald Trump, miliarderin amerikan t\u00eb Wall Street Anthony Scaramu\u00e7i. Zeneli thot\u00eb se ka zhvilluar nj\u00eb takim t\u00eb p\u00ebrzem\u00ebrt pune n\u00eb New York me mikun e tij, duke e konsideruar edhe mik [&hellip;]<\/p>\n","protected":false},"author":2013,"featured_media":106042,"comment_status":"open","ping_status":"closed","sticky":false,"template":"","format":"standard","meta":{"footnotes":""},"categories":[241,235],"tags":[],"class_list":{"0":"post-106041","1":"post","2":"type-post","3":"status-publish","4":"format-standard","5":"has-post-thumbnail","7":"category-aktualitet","8":"category-vendi"},"_links":{"self":[{"href":"https:\/\/zjarr.tv\/en\/wp-json\/wp\/v2\/posts\/106041","targetHints":{"allow":["GET"]}}],"collection":[{"href":"https:\/\/zjarr.tv\/en\/wp-json\/wp\/v2\/posts"}],"about":[{"href":"https:\/\/zjarr.tv\/en\/wp-json\/wp\/v2\/types\/post"}],"author":[{"embeddable":true,"href":"https:\/\/zjarr.tv\/en\/wp-json\/wp\/v2\/users\/2013"}],"replies":[{"embeddable":true,"href":"https:\/\/zjarr.tv\/en\/wp-json\/wp\/v2\/comments?post=106041"}],"version-history":[{"count":0,"href":"https:\/\/zjarr.tv\/en\/wp-json\/wp\/v2\/posts\/106041\/revisions"}],"wp:featuredmedia":[{"embeddable":true,"href":"https:\/\/zjarr.tv\/en\/wp-json\/wp\/v2\/media\/106042"}],"wp:attachment":[{"href":"https:\/\/zjarr.tv\/en\/wp-json\/wp\/v2\/media?parent=106041"}],"wp:term":[{"taxonomy":"category","embeddable":true,"href":"https:\/\/zjarr.tv\/en\/wp-json\/wp\/v2\/categories?post=106041"},{"taxonomy":"post_tag","embeddable":true,"href":"https:\/\/zjarr.tv\/en\/wp-json\/wp\/v2\/tags?post=106041"}],"curies":[{"name":"wp","href":"https:\/\/api.w.org\/{rel}","templated":true}]}}