{"id":106050,"date":"2019-09-10T17:33:15","date_gmt":"2019-09-10T15:33:15","guid":{"rendered":"https:\/\/zjarr.tv\/?p=106050"},"modified":"2019-09-10T17:33:15","modified_gmt":"2019-09-10T15:33:15","slug":"parate-e-be-se-lihen-ne-doren-e-njeriut-te-sorrosit","status":"publish","type":"post","link":"https:\/\/zjarr.tv\/en\/parate-e-be-se-lihen-ne-doren-e-njeriut-te-sorrosit\/","title":{"rendered":"Parat\u00eb e BE-s\u00eb lihen n\u00eb dor\u00ebn e njeriut t\u00eb Sorrosit"},"content":{"rendered":"<p>Drejtuesja e \u2018V\u00ebllez\u00ebrve Italian\u00eb\u2019, gazetarja dhe politikania Giorgia Meloni ka hedhur akuza n\u00eb lidhje me p\u00ebrzgjedhjen e italianit Paolo Gentiloni n\u00eb krye t\u00eb financave t\u00eb BE-s\u00eb.<\/p>\n<p>Meloni shkruan n\u00eb faqen e saj n\u00eb Facebook, se Gentiloni \u00ebsht\u00eb njeriu perfekt p\u00ebr t\u00eb mos ndryshuar asgj\u00eb n\u00eb Evrop\u00eb, p\u00ebr t\u00eb mbrojtur interesat e financ\u00ebs spekulative e p\u00ebr t\u00eb forcuar hegjemonin\u00eb franko-gjermane.<\/p>\n<div id=\"rekl-28\"><\/div>\n<p>Giorgia Meloni ka publikuar edhe nj\u00eb foto t\u00eb Gentilionit me Xhorxh Sorrosin.<\/p>\n<div id=\"rekl-13\">\n<div id=\"__sap-ad-15\" class=\"__sap-ads __sap-html tracked\" data-title=\"Credins desktop 08\"><ins><\/p>\n<div id=\"beacon_488dba3c8e\"><img loading=\"lazy\" decoding=\"async\" src=\"https:\/\/ads1.medium.al\/www\/delivery\/lg.php?bannerid=373&amp;campaignid=48&amp;zoneid=182&amp;loc=https%3A%2F%2Fwww.syri.net%2Fpolitike%2F279511%2Fparate-e-be-se-lihen-ne-doren-e-njeriut-te-sorrosit%2F&amp;referer=https%3A%2F%2Fwww.syri.net%2Flajme%2F&amp;cb=488dba3c8e\" alt=\"\" width=\"0\" height=\"0\" \/><\/div>\n<p><\/ins><\/div>\n<\/div>\n<p>\u2018Si patriot\u00eb, jemi t\u00eb lumtur q\u00eb Italis\u00eb i \u00ebsht\u00eb dh\u00ebn\u00eb n\u00eb Komisionin Evropian nj\u00eb portofol i r\u00ebnd\u00ebsish\u00ebm si ai i \u00c7\u00ebshtjeve Ekonomike e Monetare.<\/p>\n<p>P\u00ebr t\u00eb ardhur keq q\u00eb i ngarkuar p\u00ebr nj\u00eb detyr\u00eb t\u00eb till\u00eb \u00ebsht\u00eb thirrur nj\u00eb politikan q\u00eb italian\u00ebt e kan\u00eb refuzuar, e kan\u00eb d\u00ebrguar n\u00eb sht\u00ebpi dhe q\u00eb L\u00ebvizja 5 Yje e b\u00ebri t\u00eb hyri nga dritarja fal\u00eb paktit t\u00eb kolltukut me PD.<\/p>\n<p>Gentiloni \u00ebsht\u00eb njeriu perfekt p\u00ebr t\u00eb mos ndryshuar asgj\u00eb n\u00eb Evrop\u00eb, p\u00ebr t\u00eb mbrojtur interesat e financ\u00ebs spekulative e p\u00ebr t\u00eb forcuar hegjemonin\u00eb franko-gjermane\u2019, shkruan Giordia Meloni n\u00eb faqen e saj n\u00eb Facebook.<\/p>","protected":false},"excerpt":{"rendered":"<p>Drejtuesja e \u2018V\u00ebllez\u00ebrve Italian\u00eb\u2019, gazetarja dhe politikania Giorgia Meloni ka hedhur akuza n\u00eb lidhje me p\u00ebrzgjedhjen e italianit Paolo Gentiloni n\u00eb krye t\u00eb financave t\u00eb BE-s\u00eb. Meloni shkruan n\u00eb faqen e saj n\u00eb Facebook, se Gentiloni \u00ebsht\u00eb njeriu perfekt p\u00ebr t\u00eb mos ndryshuar asgj\u00eb n\u00eb Evrop\u00eb, p\u00ebr t\u00eb mbrojtur interesat e financ\u00ebs spekulative e p\u00ebr [&hellip;]<\/p>\n","protected":false},"author":2013,"featured_media":106051,"comment_status":"open","ping_status":"closed","sticky":false,"template":"","format":"standard","meta":{"footnotes":""},"categories":[241,235],"tags":[],"class_list":{"0":"post-106050","1":"post","2":"type-post","3":"status-publish","4":"format-standard","5":"has-post-thumbnail","7":"category-aktualitet","8":"category-vendi"},"_links":{"self":[{"href":"https:\/\/zjarr.tv\/en\/wp-json\/wp\/v2\/posts\/106050","targetHints":{"allow":["GET"]}}],"collection":[{"href":"https:\/\/zjarr.tv\/en\/wp-json\/wp\/v2\/posts"}],"about":[{"href":"https:\/\/zjarr.tv\/en\/wp-json\/wp\/v2\/types\/post"}],"author":[{"embeddable":true,"href":"https:\/\/zjarr.tv\/en\/wp-json\/wp\/v2\/users\/2013"}],"replies":[{"embeddable":true,"href":"https:\/\/zjarr.tv\/en\/wp-json\/wp\/v2\/comments?post=106050"}],"version-history":[{"count":0,"href":"https:\/\/zjarr.tv\/en\/wp-json\/wp\/v2\/posts\/106050\/revisions"}],"wp:featuredmedia":[{"embeddable":true,"href":"https:\/\/zjarr.tv\/en\/wp-json\/wp\/v2\/media\/106051"}],"wp:attachment":[{"href":"https:\/\/zjarr.tv\/en\/wp-json\/wp\/v2\/media?parent=106050"}],"wp:term":[{"taxonomy":"category","embeddable":true,"href":"https:\/\/zjarr.tv\/en\/wp-json\/wp\/v2\/categories?post=106050"},{"taxonomy":"post_tag","embeddable":true,"href":"https:\/\/zjarr.tv\/en\/wp-json\/wp\/v2\/tags?post=106050"}],"curies":[{"name":"wp","href":"https:\/\/api.w.org\/{rel}","templated":true}]}}