{"id":106053,"date":"2019-09-10T17:35:33","date_gmt":"2019-09-10T15:35:33","guid":{"rendered":"https:\/\/zjarr.tv\/?p=106053"},"modified":"2019-09-10T17:35:33","modified_gmt":"2019-09-10T15:35:33","slug":"siguria-ne-aeroportin-e-rinasit-tia-ka-qene-dhe-do-te-mbetet-prioriteti-kryesor","status":"publish","type":"post","link":"https:\/\/zjarr.tv\/en\/siguria-ne-aeroportin-e-rinasit-tia-ka-qene-dhe-do-te-mbetet-prioriteti-kryesor\/","title":{"rendered":"Siguria n\u00eb Aeroportin e Rinasit\/ TIA: Ka qen\u00eb dhe do t\u00eb mbetet prioriteti kryesor"},"content":{"rendered":"<p>Aeroporti Nd\u00ebrkomb\u00ebtar i Tiran\u00ebs \u201cN\u00ebn\u00eb Tereza\u201d\u00a0 ka reaguar n\u00eb lidhje me sigurin\u00eb n\u00eb aeroport.\u00a0 Me nj\u00eb njoftim t\u00eb shp\u00ebrndar\u00eb p\u00ebr mediat, TIA thekson se siguria aeroportuale ka qen\u00eb dhe do t\u00eb mbetet prioriteti kryesor i saj.<\/p>\n<h2><strong>Njoftimi i TIA:<\/strong><\/h2>\n<p>Lidhur me shkrimin e djesh\u00ebm nga Balkan\u00ebeb t\u00eb dat\u00ebs 09.09.2019, me titull \u201cSiguria n\u00eb Rinas n\u00eb dor\u00eb t\u00eb koncesionarit. Gjykata TIA-s: pezullo gar\u00ebn p\u00ebr zgjedhjen e kompanis\u00eb s\u00eb re\u201d, d\u00ebshirojm\u00eb t\u2019ju sjellim n\u00eb v\u00ebmendje se:\u00a0 \u201cAeroporti Nd\u00ebrkomb\u00ebtar i Tiran\u00ebs (TIA) \u00ebsht\u00eb n\u00eb dijeni t\u00eb vendimit jop\u00ebrfundimtar t\u00eb Gjykat\u00ebs Administrative t\u00eb Shkall\u00ebs s\u00eb Par\u00eb. Duke patur parasysh mosrinovimin e licens\u00ebs p\u00ebr sigurin\u00eb nga ana e Autoritetit t\u00eb Aviacionit Civil p\u00ebr ish-kompanin\u00eb e siguris\u00eb n\u00eb aeroport ICTS, TIA po garanton sigurin\u00eb aeroportuale n\u00eb zbatim t\u00eb ligjit t\u00eb Koncensionit me t\u00eb gjitha kapacitetet njer\u00ebzore dhe organizative. N\u00eb konsultim dhe bashk\u00ebpunim me autoritetet e qeveris\u00eb dhe aviacionit civil, TIA ka shtuar masat e siguris\u00eb n\u00eb aeroport.<\/p>\n<div id=\"pa_1x1_psbk_1568129671028\"><\/div>\n<p>Siguria aeroportuale ka qen\u00eb dhe do t\u00eb mbetet prioriteti yn\u00eb kryesor. Nj\u00eb struktur\u00eb drejtuese ekzekutive ka forcuar udh\u00ebheqjen e kompanis\u00eb me nj\u00eb Drejtor t\u00eb ri t\u00eb P\u00ebrgjithsh\u00ebm Ekzekutiv dhe Drejtor t\u00eb P\u00ebrgjithsh\u00ebm Operacional, p\u00ebr nj\u00eb mbikqyrje rigoroze t\u00eb t\u00eb gjitha operacioneve t\u00eb siguris\u00eb aeroportuale n\u00eb TIA\u201d.<\/p>\n<p>Departamenti i Komunikimit, Tirana International Airport<\/p>","protected":false},"excerpt":{"rendered":"<p>Aeroporti Nd\u00ebrkomb\u00ebtar i Tiran\u00ebs \u201cN\u00ebn\u00eb Tereza\u201d\u00a0 ka reaguar n\u00eb lidhje me sigurin\u00eb n\u00eb aeroport.\u00a0 Me nj\u00eb njoftim t\u00eb shp\u00ebrndar\u00eb p\u00ebr mediat, TIA thekson se siguria aeroportuale ka qen\u00eb dhe do t\u00eb mbetet prioriteti kryesor i saj. Njoftimi i TIA: Lidhur me shkrimin e djesh\u00ebm nga Balkan\u00ebeb t\u00eb dat\u00ebs 09.09.2019, me titull \u201cSiguria n\u00eb Rinas n\u00eb [&hellip;]<\/p>\n","protected":false},"author":2013,"featured_media":60970,"comment_status":"open","ping_status":"closed","sticky":false,"template":"","format":"standard","meta":{"footnotes":""},"categories":[241,235],"tags":[],"class_list":{"0":"post-106053","1":"post","2":"type-post","3":"status-publish","4":"format-standard","5":"has-post-thumbnail","7":"category-aktualitet","8":"category-vendi"},"_links":{"self":[{"href":"https:\/\/zjarr.tv\/en\/wp-json\/wp\/v2\/posts\/106053","targetHints":{"allow":["GET"]}}],"collection":[{"href":"https:\/\/zjarr.tv\/en\/wp-json\/wp\/v2\/posts"}],"about":[{"href":"https:\/\/zjarr.tv\/en\/wp-json\/wp\/v2\/types\/post"}],"author":[{"embeddable":true,"href":"https:\/\/zjarr.tv\/en\/wp-json\/wp\/v2\/users\/2013"}],"replies":[{"embeddable":true,"href":"https:\/\/zjarr.tv\/en\/wp-json\/wp\/v2\/comments?post=106053"}],"version-history":[{"count":0,"href":"https:\/\/zjarr.tv\/en\/wp-json\/wp\/v2\/posts\/106053\/revisions"}],"wp:featuredmedia":[{"embeddable":true,"href":"https:\/\/zjarr.tv\/en\/wp-json\/wp\/v2\/media\/60970"}],"wp:attachment":[{"href":"https:\/\/zjarr.tv\/en\/wp-json\/wp\/v2\/media?parent=106053"}],"wp:term":[{"taxonomy":"category","embeddable":true,"href":"https:\/\/zjarr.tv\/en\/wp-json\/wp\/v2\/categories?post=106053"},{"taxonomy":"post_tag","embeddable":true,"href":"https:\/\/zjarr.tv\/en\/wp-json\/wp\/v2\/tags?post=106053"}],"curies":[{"name":"wp","href":"https:\/\/api.w.org\/{rel}","templated":true}]}}