{"id":106058,"date":"2019-09-11T11:41:52","date_gmt":"2019-09-11T09:41:52","guid":{"rendered":"https:\/\/zjarr.tv\/?p=106058"},"modified":"2019-09-11T11:41:52","modified_gmt":"2019-09-11T09:41:52","slug":"a-e-shkeli-meta-kushtetuten-me-shfuqizimin-e-30-qershorit-venecia-konkluzionet-me-11-tetor","status":"publish","type":"post","link":"https:\/\/zjarr.tv\/en\/a-e-shkeli-meta-kushtetuten-me-shfuqizimin-e-30-qershorit-venecia-konkluzionet-me-11-tetor\/","title":{"rendered":"A e shkeli Meta kushtetut\u00ebn me shfuqizimin e 30 qershorit? \u2018Venecia\u2019: Konkluzionet m\u00eb 11 tetor"},"content":{"rendered":"<p>Raporti p\u00ebrfundimtar i Komisionit t\u00eb Venecias me konkluzionet n\u00eb lidhje me verifikimin e ligjshm\u00ebris\u00eb nga ana e presidentit Ilir Meta p\u00ebr zhdekretimin e dat\u00ebs 30 qershor, do t\u00eb publikohet m\u00eb dat\u00ebn 11 tetor.<\/p>\n<div id=\"sovrn\" class=\"desktop_ad ad_bottom_space\"><ins><\/p>\n<div id=\"beacon_305b5dab42\"><img loading=\"lazy\" decoding=\"async\" src=\"https:\/\/ads.balkanweb.com\/www\/delivery\/lg.php?bannerid=0&amp;campaignid=0&amp;zoneid=426&amp;loc=https%3A%2F%2Fbalkanweb.com%2Fa-e-shkeli-meta-kushtetuten-me-shfuqizimin-e-30-qershorit-venecia-konkluzionet-me-11-tetor%2F&amp;referer=https%3A%2F%2Fbalkanweb.com%2F&amp;cb=305b5dab42\" alt=\"\" width=\"0\" height=\"0\" \/>Ky fakt \u00ebsht\u00eb b\u00ebr\u00eb i ditur nga vet\u00eb delegacioni q\u00eb ndodhet n\u00eb Tiran\u00eb, ku p\u00ebrgjat\u00eb dy dit\u00ebve zhvilluan edhe nj\u00eb s\u00ebr\u00eb takimesh me p\u00ebrfaq\u00ebsues t\u00eb partive politike. K\u00ebshtu pas p\u00ebrfundimit t\u00eb takimit t\u00eb sot\u00ebm me Komisionin Hetimor, p\u00ebrfaq\u00ebsues t\u00eb \u201cVenecias\u201d se pas fakteve t\u00eb mbledhura u krijua edhe nj\u00eb ide mbi faktin n\u00ebse Meta ka shkelur apo jo ligjin me zhdekretimin e dat\u00ebs s\u00eb zgjedhjeve.<\/div>\n<p><\/ins><\/div>\n<p>\u201cTakimet ishin t\u00eb frytshme. Mor\u00ebm informacionet e nevojshme dhe kemi krijuar nj\u00eb ide p\u00ebr \u00e7\u00ebshtjen. Opinioni do jet\u00eb gati m\u00eb 11 tetor\u201d, -tha nj\u00eb prej p\u00ebrfaq\u00ebsuesve t\u00eb Venecias, Kaarlo Tuori.<\/p>\n<p>Kujtojm\u00eb se pasi opozita vendosi q\u00eb t\u00eb mos hyj\u00eb n\u00eb zgjedhje, Meta zhdekretoi 30 qershorin, duke caktuar si mund\u00ebsi t\u00eb dyt\u00eb 13 tetorin. Por ky vendim solli reagime t\u00eb ashpra mes pal\u00ebve, nd\u00ebrsa<br \/>\nmaxhoranca ngriti Komisionin Hetimor p\u00ebr shkarkimin e presidentit Meta. Ky i fundit pohoi se vendimi n\u00eb fjal\u00eb erdhi p\u00ebr t\u00eb shmangur konfliktet q\u00eb mund t\u00eb \u00e7onin edhe n\u00eb p\u00ebrplasje civile.<\/p>","protected":false},"excerpt":{"rendered":"<p>Raporti p\u00ebrfundimtar i Komisionit t\u00eb Venecias me konkluzionet n\u00eb lidhje me verifikimin e ligjshm\u00ebris\u00eb nga ana e presidentit Ilir Meta p\u00ebr zhdekretimin e dat\u00ebs 30 qershor, do t\u00eb publikohet m\u00eb dat\u00ebn 11 tetor. Ky fakt \u00ebsht\u00eb b\u00ebr\u00eb i ditur nga vet\u00eb delegacioni q\u00eb ndodhet n\u00eb Tiran\u00eb, ku p\u00ebrgjat\u00eb dy dit\u00ebve zhvilluan edhe nj\u00eb s\u00ebr\u00eb takimesh [&hellip;]<\/p>\n","protected":false},"author":4,"featured_media":99669,"comment_status":"open","ping_status":"closed","sticky":false,"template":"","format":"standard","meta":{"footnotes":""},"categories":[241,231,235],"tags":[],"class_list":{"0":"post-106058","1":"post","2":"type-post","3":"status-publish","4":"format-standard","5":"has-post-thumbnail","7":"category-aktualitet","8":"category-lajme","9":"category-vendi"},"_links":{"self":[{"href":"https:\/\/zjarr.tv\/en\/wp-json\/wp\/v2\/posts\/106058","targetHints":{"allow":["GET"]}}],"collection":[{"href":"https:\/\/zjarr.tv\/en\/wp-json\/wp\/v2\/posts"}],"about":[{"href":"https:\/\/zjarr.tv\/en\/wp-json\/wp\/v2\/types\/post"}],"author":[{"embeddable":true,"href":"https:\/\/zjarr.tv\/en\/wp-json\/wp\/v2\/users\/4"}],"replies":[{"embeddable":true,"href":"https:\/\/zjarr.tv\/en\/wp-json\/wp\/v2\/comments?post=106058"}],"version-history":[{"count":0,"href":"https:\/\/zjarr.tv\/en\/wp-json\/wp\/v2\/posts\/106058\/revisions"}],"wp:featuredmedia":[{"embeddable":true,"href":"https:\/\/zjarr.tv\/en\/wp-json\/wp\/v2\/media\/99669"}],"wp:attachment":[{"href":"https:\/\/zjarr.tv\/en\/wp-json\/wp\/v2\/media?parent=106058"}],"wp:term":[{"taxonomy":"category","embeddable":true,"href":"https:\/\/zjarr.tv\/en\/wp-json\/wp\/v2\/categories?post=106058"},{"taxonomy":"post_tag","embeddable":true,"href":"https:\/\/zjarr.tv\/en\/wp-json\/wp\/v2\/tags?post=106058"}],"curies":[{"name":"wp","href":"https:\/\/api.w.org\/{rel}","templated":true}]}}