{"id":106066,"date":"2019-09-11T11:52:22","date_gmt":"2019-09-11T09:52:22","guid":{"rendered":"https:\/\/zjarr.tv\/?p=106066"},"modified":"2019-09-11T11:52:22","modified_gmt":"2019-09-11T09:52:22","slug":"kush-ua-fut-miqte-pd-apo-ps-lame-miq-e-shok-ka-nga-cdo-parti","status":"publish","type":"post","link":"https:\/\/zjarr.tv\/en\/kush-ua-fut-miqte-pd-apo-ps-lame-miq-e-shok-ka-nga-cdo-parti\/","title":{"rendered":"\u201cKush ua fut miqt\u00eb, PD apo PS?\u201d, Lame: Miq e shok ka nga \u00e7do parti"},"content":{"rendered":"<p>Kreu i Kadastr\u00ebs, Artan Lame n\u00eb nj\u00eb lidhje telefonike p\u00ebr \u2018News24\u2019 pranoi se ka nd\u00ebrhyrje t\u00eb vazhdueshme nga politika p\u00ebr pun\u00ebsimet n\u00eb institucionet q\u00eb ai ka n\u00eb var\u00ebsi. Teksa u pyet p\u00ebr faktin se \u2018kush ua fut miqt\u00eb, PD apo PS\u2019, Lame tha se ka shum\u00eb deputet\u00ebt, q\u00eb pavar\u00ebsisht krahut politik, nd\u00ebrhyjn\u00eb p\u00ebr nj\u00eb vend pune. Ai tha se tashm\u00eb ka ikur koha e nd\u00ebrhyrjeve p\u00ebr pun\u00ebsime me nd\u00ebrhyrje, nd\u00ebrsa shtoi se; ka nga ata q\u00eb e kan\u00eb kuptuar se koha ka ndryshuar dhe jan\u00eb t\u00ebrhequr.<\/p>\n<p>\u201cDola n\u00eb konferenc\u00eb p\u00ebr \u00e7\u00ebshtje krejt tjet\u00ebr dhe jo p\u00ebr at\u00eb q\u00eb po ndodh n\u00eb Vlor\u00eb. Dola p\u00ebr t\u2019iu b\u00ebr\u00eb thirrje t\u00eb rinjve profesionist\u00eb, por edhe politikan\u00ebve q\u00eb t\u00eb mos nd\u00ebrhyjn\u00eb p\u00ebr pun\u00ebsime.<br \/>\nPrind\u00ebrit e mi kan\u00eb frik\u00eb t\u00eb shkojn\u00eb te kafja, se do i kap\u00eb ndonj\u00eb t\u2019iu thot\u00eb \u2018aman goc\u00ebn, \u00e7unin\u2019. Ka pasur f\u00ebrkime fjal\u00ebsh q\u00eb jan\u00eb normale (p\u00ebr rastin n\u00eb Vlor\u00eb). Por nuk ka asnj\u00eb problem tjet\u00ebr. Dy problemet ky\u00e7e q\u00eb jan\u00eb sot n\u00eb Vlor\u00eb \u00ebsht\u00eb; thirrja e par\u00eb q\u00eb b\u00ebhet p\u00ebr 9 vende pune t\u00eb lira dhe pastrimi i Lungomares. P\u00ebr k\u00ebto problematika, pas nja 10 dit\u00ebsh do jem vet n\u00eb Vlor\u00eb p\u00ebr t\u2019u shpjeguar dhe t\u00eb gjith\u00eb gazetar\u00ebve me nj\u00eb material t\u00eb gjer\u00eb. Un\u00eb mund t\u00eb t\u00eb jap\u00eb mbi 20-30 raste ku n\u00eb t\u00eb gjith\u00eb drejtorit\u00eb e Kadastr\u00ebs n\u00eb vite kan\u00eb vendime gjykate t\u00eb pazbatuara. N\u00ebse jemi n\u00eb k\u00ebt\u00eb derexhe \u00ebsht\u00eb se nuk kemi zbatuar vendimet. Nuk kan\u00eb dashur t\u2019i zbatojn\u00eb. Ka njer\u00ebz q\u00eb nuk duan ta kuptojn\u00eb. Por ka dhe njer\u00ebz q\u00eb u t\u00ebrhoq\u00ebn dhe e mbyll\u00ebn k\u00ebt\u00eb histori. Ka njer\u00ebz q\u00eb nuk duan ta pranojn\u00eb se ka ndodhur nj\u00eb ndryshim lokale n\u00eb k\u00ebt\u00eb institucion\u201d, tha Lame.<\/p>\n<p><strong>Keni probleme me drejtues t\u00eb PS?<\/strong><br \/>\nAsnj\u00eb nga em\u00ebrimet nuk \u00ebsht\u00eb i b\u00ebr\u00eb i ndikuar nga t\u00eb tjer\u00eb.<\/p>\n<p><strong>Miqt\u00eb kush jua fut? PD, opozita apo PS?<\/strong><br \/>\nEm\u00ebrimet n\u00eb Vlor\u00eb kan\u00eb qen\u00eb personalet t\u00eb miat se po t\u00eb kisha \u00e7uar qokat e njer\u00ebzve atje, nuk do kishin dal\u00eb. Vendimet e gjykat\u00ebs do t\u00eb vazhdonin t\u00eb ishin t\u00eb paregjistruara. Nuk kam d\u00ebgjuar as nj\u00ebrin as tjetrin. Nd\u00ebrhyrjet jan\u00eb t\u00eb t\u00eb gjitha llojeve, nuk p\u00ebrjashtoj asnj\u00eb njeri. Miq e shok dhe t\u00eb af\u00ebrm ka nga \u00e7do parti. Deputet\u00ebt mundohen t\u00eb katapultohen. Ky institucion b\u00ebhet vet\u00ebm me profesionist. Duhet t\u00eb peshojm\u00eb kush gjykon m\u00eb shum\u00eb.<\/p>\n<div id=\"sovrn\" class=\"desktop_ad ad_bottom_space\"><ins><\/p>\n<div id=\"beacon_bf75c3ea05\"><img loading=\"lazy\" decoding=\"async\" src=\"https:\/\/ads.balkanweb.com\/www\/delivery\/lg.php?bannerid=0&amp;campaignid=0&amp;zoneid=426&amp;loc=https%3A%2F%2Fbalkanweb.com%2Fkush-ua-fut-miqte-pd-apo-ps-lame-miq-e-shok-ka-nga-cdo-parti%2F&amp;referer=https%3A%2F%2Fbalkanweb.com%2F&amp;cb=bf75c3ea05\" alt=\"\" width=\"0\" height=\"0\" \/><\/div>\n<p><\/ins><\/div>","protected":false},"excerpt":{"rendered":"<p>Kreu i Kadastr\u00ebs, Artan Lame n\u00eb nj\u00eb lidhje telefonike p\u00ebr \u2018News24\u2019 pranoi se ka nd\u00ebrhyrje t\u00eb vazhdueshme nga politika p\u00ebr pun\u00ebsimet n\u00eb institucionet q\u00eb ai ka n\u00eb var\u00ebsi. Teksa u pyet p\u00ebr faktin se \u2018kush ua fut miqt\u00eb, PD apo PS\u2019, Lame tha se ka shum\u00eb deputet\u00ebt, q\u00eb pavar\u00ebsisht krahut politik, nd\u00ebrhyjn\u00eb p\u00ebr nj\u00eb vend [&hellip;]<\/p>\n","protected":false},"author":4,"featured_media":45313,"comment_status":"open","ping_status":"closed","sticky":false,"template":"","format":"standard","meta":{"footnotes":""},"categories":[241,231,235],"tags":[],"class_list":{"0":"post-106066","1":"post","2":"type-post","3":"status-publish","4":"format-standard","5":"has-post-thumbnail","7":"category-aktualitet","8":"category-lajme","9":"category-vendi"},"_links":{"self":[{"href":"https:\/\/zjarr.tv\/en\/wp-json\/wp\/v2\/posts\/106066","targetHints":{"allow":["GET"]}}],"collection":[{"href":"https:\/\/zjarr.tv\/en\/wp-json\/wp\/v2\/posts"}],"about":[{"href":"https:\/\/zjarr.tv\/en\/wp-json\/wp\/v2\/types\/post"}],"author":[{"embeddable":true,"href":"https:\/\/zjarr.tv\/en\/wp-json\/wp\/v2\/users\/4"}],"replies":[{"embeddable":true,"href":"https:\/\/zjarr.tv\/en\/wp-json\/wp\/v2\/comments?post=106066"}],"version-history":[{"count":0,"href":"https:\/\/zjarr.tv\/en\/wp-json\/wp\/v2\/posts\/106066\/revisions"}],"wp:featuredmedia":[{"embeddable":true,"href":"https:\/\/zjarr.tv\/en\/wp-json\/wp\/v2\/media\/45313"}],"wp:attachment":[{"href":"https:\/\/zjarr.tv\/en\/wp-json\/wp\/v2\/media?parent=106066"}],"wp:term":[{"taxonomy":"category","embeddable":true,"href":"https:\/\/zjarr.tv\/en\/wp-json\/wp\/v2\/categories?post=106066"},{"taxonomy":"post_tag","embeddable":true,"href":"https:\/\/zjarr.tv\/en\/wp-json\/wp\/v2\/tags?post=106066"}],"curies":[{"name":"wp","href":"https:\/\/api.w.org\/{rel}","templated":true}]}}