{"id":106071,"date":"2019-09-11T11:59:57","date_gmt":"2019-09-11T09:59:57","guid":{"rendered":"https:\/\/zjarr.tv\/?p=106071"},"modified":"2019-09-11T11:59:57","modified_gmt":"2019-09-11T09:59:57","slug":"tifozi-me-i-zjarrte-ne-elbasan-arena-presidenti-i-papermbajtshem-pas-fitores-se-kuqezinjve","status":"publish","type":"post","link":"https:\/\/zjarr.tv\/en\/tifozi-me-i-zjarrte-ne-elbasan-arena-presidenti-i-papermbajtshem-pas-fitores-se-kuqezinjve\/","title":{"rendered":"Tifozi m\u00eb i zjarrt\u00eb n\u00eb Elbasan Arena, Presidenti i pap\u00ebrmbajtsh\u00ebm pas fitores s\u00eb kuqezinjve"},"content":{"rendered":"<p>Presidenti i Republik\u00ebs Ilir Meta e ka ndjekur \u2018live\u2019 p\u00ebrballjen e sotme Shqip\u00ebri-Island\u00eb q\u00eb p\u00ebrfundoi 4 me 2 p\u00ebr kuqezinjt\u00eb. Si nj\u00eb prej tifoz\u00ebve m\u00eb t\u00eb zjarrt\u00eb t\u00eb Komb\u00ebtares, g\u00ebzimi i Kreut t\u00eb Shtetit ka qen\u00eb i pap\u00ebrmbajtsh\u00ebm n\u00eb shkall\u00ebt e stadiumit pas golave q\u00eb i dhan\u00eb fitoren shqiptar\u00ebve.<\/p>\n<p>Kujtojm\u00eb se gjat\u00eb dit\u00ebs Presidenti k\u00ebrkoi mb\u00ebshtetje p\u00ebr Komb\u00ebtaren Shqiptare e cila gjendet n\u00eb momente jo shum\u00eb t\u00eb favorshme n\u00eb eliminatoret Euro2020 dhe fitorja e sotme ishte p\u00ebrgjigjja p\u00ebr t\u00eb gjith\u00eb.<\/p>","protected":false},"excerpt":{"rendered":"<p>Presidenti i Republik\u00ebs Ilir Meta e ka ndjekur \u2018live\u2019 p\u00ebrballjen e sotme Shqip\u00ebri-Island\u00eb q\u00eb p\u00ebrfundoi 4 me 2 p\u00ebr kuqezinjt\u00eb. Si nj\u00eb prej tifoz\u00ebve m\u00eb t\u00eb zjarrt\u00eb t\u00eb Komb\u00ebtares, g\u00ebzimi i Kreut t\u00eb Shtetit ka qen\u00eb i pap\u00ebrmbajtsh\u00ebm n\u00eb shkall\u00ebt e stadiumit pas golave q\u00eb i dhan\u00eb fitoren shqiptar\u00ebve. Kujtojm\u00eb se gjat\u00eb dit\u00ebs Presidenti k\u00ebrkoi [&hellip;]<\/p>\n","protected":false},"author":4,"featured_media":106072,"comment_status":"open","ping_status":"closed","sticky":false,"template":"","format":"standard","meta":{"footnotes":""},"categories":[241,231,235],"tags":[],"class_list":{"0":"post-106071","1":"post","2":"type-post","3":"status-publish","4":"format-standard","5":"has-post-thumbnail","7":"category-aktualitet","8":"category-lajme","9":"category-vendi"},"_links":{"self":[{"href":"https:\/\/zjarr.tv\/en\/wp-json\/wp\/v2\/posts\/106071","targetHints":{"allow":["GET"]}}],"collection":[{"href":"https:\/\/zjarr.tv\/en\/wp-json\/wp\/v2\/posts"}],"about":[{"href":"https:\/\/zjarr.tv\/en\/wp-json\/wp\/v2\/types\/post"}],"author":[{"embeddable":true,"href":"https:\/\/zjarr.tv\/en\/wp-json\/wp\/v2\/users\/4"}],"replies":[{"embeddable":true,"href":"https:\/\/zjarr.tv\/en\/wp-json\/wp\/v2\/comments?post=106071"}],"version-history":[{"count":0,"href":"https:\/\/zjarr.tv\/en\/wp-json\/wp\/v2\/posts\/106071\/revisions"}],"wp:featuredmedia":[{"embeddable":true,"href":"https:\/\/zjarr.tv\/en\/wp-json\/wp\/v2\/media\/106072"}],"wp:attachment":[{"href":"https:\/\/zjarr.tv\/en\/wp-json\/wp\/v2\/media?parent=106071"}],"wp:term":[{"taxonomy":"category","embeddable":true,"href":"https:\/\/zjarr.tv\/en\/wp-json\/wp\/v2\/categories?post=106071"},{"taxonomy":"post_tag","embeddable":true,"href":"https:\/\/zjarr.tv\/en\/wp-json\/wp\/v2\/tags?post=106071"}],"curies":[{"name":"wp","href":"https:\/\/api.w.org\/{rel}","templated":true}]}}