{"id":106076,"date":"2019-09-11T13:23:10","date_gmt":"2019-09-11T11:23:10","guid":{"rendered":"https:\/\/zjarr.tv\/?p=106076"},"modified":"2019-09-11T13:23:10","modified_gmt":"2019-09-11T11:23:10","slug":"vakancat-ne-gjykaten-kushtetuese-ja-renditja-paraprake-e-kandidateve","status":"publish","type":"post","link":"https:\/\/zjarr.tv\/en\/vakancat-ne-gjykaten-kushtetuese-ja-renditja-paraprake-e-kandidateve\/","title":{"rendered":"Vakancat n\u00eb Gjykat\u00ebn Kushtetuese, ja renditja paraprake e kandidat\u00ebve"},"content":{"rendered":"<p>K\u00ebshilli i Em\u00ebrimeve n\u00eb Drejt\u00ebsi (KED), n\u00eb vijim t\u00eb procedurave t\u00eb vler\u00ebsimit t\u00eb kandidat\u00ebve t\u00eb lejuar p\u00ebr kandidim, t\u00eb cil\u00ebt jan\u00eb kandiduar p\u00ebr vendet vakante n\u00eb Gjykat\u00ebn Kushtetuese ka b\u00ebr\u00eb publike rezultatin paraprak t\u00eb pik\u00ebzimit p\u00ebr secilin kandidat si m\u00eb posht\u00eb:<\/p>\n<p>Arta Vorpsi 89.610 Pik\u00eb<\/p>\n<div id=\"rekl-28\"><\/div>\n<p>Besnik Mu\u00e7i 81.926 Pik\u00eb<\/p>\n<div id=\"rekl-13\">\n<div id=\"__sap-ad-15\" class=\"__sap-ads __sap-html tracked\" data-title=\"Credins desktop 08\"><ins><\/p>\n<div id=\"beacon_4931680688\"><img loading=\"lazy\" decoding=\"async\" src=\"https:\/\/ads1.medium.al\/www\/delivery\/lg.php?bannerid=373&amp;campaignid=48&amp;zoneid=182&amp;loc=https%3A%2F%2Fwww.syri.net%2Fpolitike%2F279624%2Fvakancat-ne-gjykaten-kushtetuese-ja-renditja-paraprake-e-kandidateve%2F&amp;referer=https%3A%2F%2Fwww.syri.net%2Flajme%2F&amp;cb=4931680688\" alt=\"\" width=\"0\" height=\"0\" \/><\/div>\n<p><\/ins><\/div>\n<\/div>\n<p>Elsa Toska 85.425 Pik\u00eb<\/p>\n<p>Fiona Papajorgji 88.783 Pik\u00eb<\/p>\n<p>Marsida Xhaferllari 81.999 Pik\u00eb<\/p>\n<p>Regleta Panajoti 80.284 Pik\u00eb<\/p>\n<p>\u201cN\u00eb zbatim t\u00eb nenit 239 t\u00eb ligjit nr. 115\/2016 dhe t\u00eb pikave 67-74 t\u00eb Vendimit nr. 5 dat\u00eb 02.04.2019 \u201c P\u00ebr kriteret dhe procedur\u00ebn e vler\u00ebsimit, pik\u00ebzimit dhe renditjes s\u00eb kandidat\u00ebve p\u00ebr pozicionet vakante n\u00eb Gjykat\u00ebn Kushtetuese dhe t\u00eb Inspektorit t\u00eb Lart\u00eb t\u00eb Drejt\u00ebsis\u00eb\u201d, n\u00eb mbledhjen e ardhshme t\u00eb K\u00ebshillit, do t\u00eb shqyrtohen dhe miratohen:<\/p>\n<p>a) Lista p\u00ebrfundimtare e renditjes s\u00eb kandidat\u00ebve p\u00ebr secilin vend vakant n\u00eb Gjykat\u00ebn Kushtetuese;<\/p>\n<p>b) Raporti i arsyetuar p\u00ebr procedur\u00ebn e verifikimit, t\u00eb vler\u00ebsimit dhe pik\u00ebzimit t\u00eb secilit kandidat dhe t\u00eb renditjes s\u00eb tyre, p\u00ebr secilin vend vakant n\u00eb Gjykat\u00ebn Kushtetuese\u201d shkruhet n\u00eb njoftimin e KED.<\/p>\n<p>Sipas Scan TV, pas shqyrtimit dhe miratimit t\u00eb k\u00ebtyre akteve nga mbledhja e K\u00ebshillit t\u00eb Em\u00ebrimeve n\u00eb Drejt\u00ebsi, organeve t\u00eb em\u00ebrtes\u00ebs, Presidentit t\u00eb Republik\u00ebs dhe Kuvendit, do t\u2019i d\u00ebrgohen listat p\u00ebrfundimtare t\u00eb renditjes s\u00eb kandidat\u00ebve dhe raportet e arsyetuar t\u00eb K\u00ebshillit ku p\u00ebrmbahet analiza t\u00ebr\u00ebsore lidhur me plot\u00ebsimin e kushteve ligjore dhe vler\u00ebsimin e kritereve ligjore p\u00ebr secilin kandidat, si edhe p\u00ebr procedur\u00ebn e ndjekur p\u00ebr vler\u00ebsimin dhe renditjen e tyre, p\u00ebr secilin vend vakant<\/p>","protected":false},"excerpt":{"rendered":"<p>K\u00ebshilli i Em\u00ebrimeve n\u00eb Drejt\u00ebsi (KED), n\u00eb vijim t\u00eb procedurave t\u00eb vler\u00ebsimit t\u00eb kandidat\u00ebve t\u00eb lejuar p\u00ebr kandidim, t\u00eb cil\u00ebt jan\u00eb kandiduar p\u00ebr vendet vakante n\u00eb Gjykat\u00ebn Kushtetuese ka b\u00ebr\u00eb publike rezultatin paraprak t\u00eb pik\u00ebzimit p\u00ebr secilin kandidat si m\u00eb posht\u00eb: Arta Vorpsi 89.610 Pik\u00eb Besnik Mu\u00e7i 81.926 Pik\u00eb Elsa Toska 85.425 Pik\u00eb Fiona Papajorgji [&hellip;]<\/p>\n","protected":false},"author":2013,"featured_media":99746,"comment_status":"open","ping_status":"closed","sticky":false,"template":"","format":"standard","meta":{"footnotes":""},"categories":[241,235],"tags":[],"class_list":{"0":"post-106076","1":"post","2":"type-post","3":"status-publish","4":"format-standard","5":"has-post-thumbnail","7":"category-aktualitet","8":"category-vendi"},"_links":{"self":[{"href":"https:\/\/zjarr.tv\/en\/wp-json\/wp\/v2\/posts\/106076","targetHints":{"allow":["GET"]}}],"collection":[{"href":"https:\/\/zjarr.tv\/en\/wp-json\/wp\/v2\/posts"}],"about":[{"href":"https:\/\/zjarr.tv\/en\/wp-json\/wp\/v2\/types\/post"}],"author":[{"embeddable":true,"href":"https:\/\/zjarr.tv\/en\/wp-json\/wp\/v2\/users\/2013"}],"replies":[{"embeddable":true,"href":"https:\/\/zjarr.tv\/en\/wp-json\/wp\/v2\/comments?post=106076"}],"version-history":[{"count":0,"href":"https:\/\/zjarr.tv\/en\/wp-json\/wp\/v2\/posts\/106076\/revisions"}],"wp:featuredmedia":[{"embeddable":true,"href":"https:\/\/zjarr.tv\/en\/wp-json\/wp\/v2\/media\/99746"}],"wp:attachment":[{"href":"https:\/\/zjarr.tv\/en\/wp-json\/wp\/v2\/media?parent=106076"}],"wp:term":[{"taxonomy":"category","embeddable":true,"href":"https:\/\/zjarr.tv\/en\/wp-json\/wp\/v2\/categories?post=106076"},{"taxonomy":"post_tag","embeddable":true,"href":"https:\/\/zjarr.tv\/en\/wp-json\/wp\/v2\/tags?post=106076"}],"curies":[{"name":"wp","href":"https:\/\/api.w.org\/{rel}","templated":true}]}}