{"id":106082,"date":"2019-09-11T13:26:36","date_gmt":"2019-09-11T11:26:36","guid":{"rendered":"https:\/\/zjarr.tv\/?p=106082"},"modified":"2019-09-11T13:26:36","modified_gmt":"2019-09-11T11:26:36","slug":"mbytet-ne-lume-32-vjecarja","status":"publish","type":"post","link":"https:\/\/zjarr.tv\/en\/mbytet-ne-lume-32-vjecarja\/","title":{"rendered":"Mbytet n\u00eb lum\u00eb 32-vje\u00e7arja"},"content":{"rendered":"<p>Nj\u00eb ngjarje e r\u00ebdn\u00eb ka ndhur gjat\u00eb mbrmjes s\u00eb djeshme ne Bulqis\u00eb.<\/p>\n<p>\u00cbsht\u00eb mbytur n\u00eb lumin e Bulqiz\u00ebs 32-vje\u00e7arja M. F.<\/p>\n<p>32-vje\u00e7arja \u00ebsht\u00eb mbytur mbr\u00ebmjen e djeshme rreth or\u00ebs 21:30<\/p>\n<div id=\"rekl-13\">\n<div id=\"__sap-ad-15\" class=\"__sap-ads __sap-html tracked\" data-title=\"Credins desktop 08\"><ins><\/p>\n<div id=\"beacon_322161686f\"><img loading=\"lazy\" decoding=\"async\" src=\"https:\/\/ads1.medium.al\/www\/delivery\/lg.php?bannerid=373&amp;campaignid=48&amp;zoneid=182&amp;loc=https%3A%2F%2Fwww.syri.net%2Fkronike%2F279653%2Fmbytet-ne-lume-32-vjecarja%2F&amp;referer=https%3A%2F%2Fwww.syri.net%2Flajme%2F&amp;cb=322161686f\" alt=\"\" width=\"0\" height=\"0\" \/><\/div>\n<p><\/ins><\/div>\n<\/div>\n<p>Policia thot\u00eb se nga kqyrja e trupit nuk jan\u00eb konstatuar d\u00ebmtime apo shenja dhune<\/p>","protected":false},"excerpt":{"rendered":"<p>Nj\u00eb ngjarje e r\u00ebdn\u00eb ka ndhur gjat\u00eb mbrmjes s\u00eb djeshme ne Bulqis\u00eb. \u00cbsht\u00eb mbytur n\u00eb lumin e Bulqiz\u00ebs 32-vje\u00e7arja M. F. 32-vje\u00e7arja \u00ebsht\u00eb mbytur mbr\u00ebmjen e djeshme rreth or\u00ebs 21:30 Policia thot\u00eb se nga kqyrja e trupit nuk jan\u00eb konstatuar d\u00ebmtime apo shenja dhune<\/p>","protected":false},"author":2013,"featured_media":106084,"comment_status":"open","ping_status":"closed","sticky":false,"template":"","format":"standard","meta":{"footnotes":""},"categories":[241,235],"tags":[],"class_list":{"0":"post-106082","1":"post","2":"type-post","3":"status-publish","4":"format-standard","5":"has-post-thumbnail","7":"category-aktualitet","8":"category-vendi"},"_links":{"self":[{"href":"https:\/\/zjarr.tv\/en\/wp-json\/wp\/v2\/posts\/106082","targetHints":{"allow":["GET"]}}],"collection":[{"href":"https:\/\/zjarr.tv\/en\/wp-json\/wp\/v2\/posts"}],"about":[{"href":"https:\/\/zjarr.tv\/en\/wp-json\/wp\/v2\/types\/post"}],"author":[{"embeddable":true,"href":"https:\/\/zjarr.tv\/en\/wp-json\/wp\/v2\/users\/2013"}],"replies":[{"embeddable":true,"href":"https:\/\/zjarr.tv\/en\/wp-json\/wp\/v2\/comments?post=106082"}],"version-history":[{"count":0,"href":"https:\/\/zjarr.tv\/en\/wp-json\/wp\/v2\/posts\/106082\/revisions"}],"wp:featuredmedia":[{"embeddable":true,"href":"https:\/\/zjarr.tv\/en\/wp-json\/wp\/v2\/media\/106084"}],"wp:attachment":[{"href":"https:\/\/zjarr.tv\/en\/wp-json\/wp\/v2\/media?parent=106082"}],"wp:term":[{"taxonomy":"category","embeddable":true,"href":"https:\/\/zjarr.tv\/en\/wp-json\/wp\/v2\/categories?post=106082"},{"taxonomy":"post_tag","embeddable":true,"href":"https:\/\/zjarr.tv\/en\/wp-json\/wp\/v2\/tags?post=106082"}],"curies":[{"name":"wp","href":"https:\/\/api.w.org\/{rel}","templated":true}]}}