{"id":106092,"date":"2019-09-11T13:31:25","date_gmt":"2019-09-11T11:31:25","guid":{"rendered":"https:\/\/zjarr.tv\/?p=106092"},"modified":"2019-09-11T13:31:25","modified_gmt":"2019-09-11T11:31:25","slug":"meta-uron-ministrin-italian-mik-i-shqiperise-mbeshtetes-i-forte-i-integrimit","status":"publish","type":"post","link":"https:\/\/zjarr.tv\/en\/meta-uron-ministrin-italian-mik-i-shqiperise-mbeshtetes-i-forte-i-integrimit\/","title":{"rendered":"Meta uron ministrin italian: Mik i Shqip\u00ebris\u00eb, mb\u00ebshtet\u00ebs i fort\u00eb i integrimit"},"content":{"rendered":"<p>Presidenti Ilir Meta ka uruar ministrin p\u00ebr Evrop\u00ebn n\u00eb qeverin\u00eb e re t\u00eb Italis\u00eb, Enzo Amendola.<\/p>\n<p>Duke e uruar p\u00ebr pun\u00ebn e re, Kreu i Shtetit Shqiptar thekson se Amendola \u00ebsht\u00eb nj\u00eb mik i shk\u00eblqyer i Shqip\u00ebris\u00eb dhe mb\u00ebshtet\u00ebs i fort\u00eb i t\u00eb ardhmes ton\u00eb evropiane.<\/p>\n<p>\u201cPata #k\u00ebnaq\u00ebsin\u00eb t\u00eb uroja sot nj\u00eb #mik t\u00eb vjet\u00ebr prej 25 vitesh @amendolaenzo i cili sapo \u00ebsht\u00eb betuar si #minist\u00ebr p\u00ebr #Europ\u00ebn n\u00eb qeverin\u00eb e re t\u00eb Italis\u00eb. @amendolaenzo nj\u00eb mik i shk\u00eblqyer i Shqip\u00ebris\u00eb dhe mb\u00ebshtet\u00ebs i fort\u00eb i s\u00eb ardhmes ton\u00eb europiane.\u201d, shkruan Meta.<\/p>","protected":false},"excerpt":{"rendered":"<p>Presidenti Ilir Meta ka uruar ministrin p\u00ebr Evrop\u00ebn n\u00eb qeverin\u00eb e re t\u00eb Italis\u00eb, Enzo Amendola. Duke e uruar p\u00ebr pun\u00ebn e re, Kreu i Shtetit Shqiptar thekson se Amendola \u00ebsht\u00eb nj\u00eb mik i shk\u00eblqyer i Shqip\u00ebris\u00eb dhe mb\u00ebshtet\u00ebs i fort\u00eb i t\u00eb ardhmes ton\u00eb evropiane. \u201cPata #k\u00ebnaq\u00ebsin\u00eb t\u00eb uroja sot nj\u00eb #mik t\u00eb vjet\u00ebr [&hellip;]<\/p>\n","protected":false},"author":2013,"featured_media":106095,"comment_status":"open","ping_status":"closed","sticky":false,"template":"","format":"standard","meta":{"footnotes":""},"categories":[241,235],"tags":[],"class_list":{"0":"post-106092","1":"post","2":"type-post","3":"status-publish","4":"format-standard","5":"has-post-thumbnail","7":"category-aktualitet","8":"category-vendi"},"_links":{"self":[{"href":"https:\/\/zjarr.tv\/en\/wp-json\/wp\/v2\/posts\/106092","targetHints":{"allow":["GET"]}}],"collection":[{"href":"https:\/\/zjarr.tv\/en\/wp-json\/wp\/v2\/posts"}],"about":[{"href":"https:\/\/zjarr.tv\/en\/wp-json\/wp\/v2\/types\/post"}],"author":[{"embeddable":true,"href":"https:\/\/zjarr.tv\/en\/wp-json\/wp\/v2\/users\/2013"}],"replies":[{"embeddable":true,"href":"https:\/\/zjarr.tv\/en\/wp-json\/wp\/v2\/comments?post=106092"}],"version-history":[{"count":0,"href":"https:\/\/zjarr.tv\/en\/wp-json\/wp\/v2\/posts\/106092\/revisions"}],"wp:featuredmedia":[{"embeddable":true,"href":"https:\/\/zjarr.tv\/en\/wp-json\/wp\/v2\/media\/106095"}],"wp:attachment":[{"href":"https:\/\/zjarr.tv\/en\/wp-json\/wp\/v2\/media?parent=106092"}],"wp:term":[{"taxonomy":"category","embeddable":true,"href":"https:\/\/zjarr.tv\/en\/wp-json\/wp\/v2\/categories?post=106092"},{"taxonomy":"post_tag","embeddable":true,"href":"https:\/\/zjarr.tv\/en\/wp-json\/wp\/v2\/tags?post=106092"}],"curies":[{"name":"wp","href":"https:\/\/api.w.org\/{rel}","templated":true}]}}