{"id":106097,"date":"2019-09-11T13:40:52","date_gmt":"2019-09-11T11:40:52","guid":{"rendered":"https:\/\/zjarr.tv\/?p=106097"},"modified":"2019-09-11T13:40:52","modified_gmt":"2019-09-11T11:40:52","slug":"largohet-nga-intervista-uefa-therret-per-ti-bere-surprizen-hysajt-ne-fund-te-ndeshjes","status":"publish","type":"post","link":"https:\/\/zjarr.tv\/en\/largohet-nga-intervista-uefa-therret-per-ti-bere-surprizen-hysajt-ne-fund-te-ndeshjes\/","title":{"rendered":"Largohet nga intervista, UEFA th\u00ebrret p\u00ebr t\u2019i b\u00ebr\u00eb surpriz\u00ebn Hysajt n\u00eb fund t\u00eb ndeshjes!"},"content":{"rendered":"<p>10 shtatori i vitit 2019 do t\u00eb mbahet mend gjat\u00eb edhe Elseid Hysaj, i cili me shiritin e kapitenit n\u00eb krah sh\u00ebnoi golin e tij t\u00eb par\u00eb me fanell\u00ebn e Komb\u00ebtares shqiptare pas 50 ndeshjesh.<\/p>\n<p>Me l\u00ebnien n\u00eb stol t\u00eb kapitenit M\u00ebrgim Mavraj, mbrojt\u00ebsi i Napolit u fut n\u00eb fush\u00eb me fash\u00ebn e kapitenit, e cila si\u00e7 edhe ai deklaroi gjat\u00eb konferenc\u00ebs zyrtare, i sjell fat.<\/p>\n<p>Menj\u00ebher\u00eb pas ndeshjes, Elseid Hysaj, pasi ka folur p\u00ebr mediat, n\u00eb k\u00ebt\u00eb rast p\u00ebr &#8220;Supersport&#8221;, teksa e prisnin te RTSH, u lajm\u00ebrua se u k\u00ebrkua nga anti-dopingu, p\u00ebr t\u00eb b\u00ebr\u00eb prov\u00ebn e urin\u00ebs.<\/p>\n<div id=\"rekl-13\">\n<div id=\"__sap-ad-15\" class=\"__sap-ads __sap-html tracked\" data-title=\"Credins desktop 08\"><ins><\/p>\n<div id=\"beacon_086263eb24\"><img loading=\"lazy\" decoding=\"async\" src=\"https:\/\/ads1.medium.al\/www\/delivery\/lg.php?bannerid=373&amp;campaignid=48&amp;zoneid=182&amp;loc=https%3A%2F%2Fwww.syri.net%2Fsport%2F279664%2Flargohet-nga-intervista-uefa-therret-per-ti-bere-surprizen-hysajt-ne-fund-te-ndeshjes%2F&amp;referer=https%3A%2F%2Fwww.syri.net%2Fsport%2F&amp;cb=086263eb24\" alt=\"\" width=\"0\" height=\"0\" \/><\/div>\n<p><\/ins><\/div>\n<\/div>\n<p>Por, mbrojt\u00ebsi shqiptar ishte i p\u00ebrzgjedhuri rast\u00ebsor n\u00eb fund t\u00eb takimit p\u00ebr t\u00eb kryer testin anti-doping nga UEFA.<\/p>","protected":false},"excerpt":{"rendered":"<p>10 shtatori i vitit 2019 do t\u00eb mbahet mend gjat\u00eb edhe Elseid Hysaj, i cili me shiritin e kapitenit n\u00eb krah sh\u00ebnoi golin e tij t\u00eb par\u00eb me fanell\u00ebn e Komb\u00ebtares shqiptare pas 50 ndeshjesh. Me l\u00ebnien n\u00eb stol t\u00eb kapitenit M\u00ebrgim Mavraj, mbrojt\u00ebsi i Napolit u fut n\u00eb fush\u00eb me fash\u00ebn e kapitenit, e [&hellip;]<\/p>\n","protected":false},"author":2013,"featured_media":106098,"comment_status":"open","ping_status":"closed","sticky":false,"template":"","format":"standard","meta":{"footnotes":""},"categories":[241,192],"tags":[],"class_list":{"0":"post-106097","1":"post","2":"type-post","3":"status-publish","4":"format-standard","5":"has-post-thumbnail","7":"category-aktualitet","8":"category-sport"},"_links":{"self":[{"href":"https:\/\/zjarr.tv\/en\/wp-json\/wp\/v2\/posts\/106097","targetHints":{"allow":["GET"]}}],"collection":[{"href":"https:\/\/zjarr.tv\/en\/wp-json\/wp\/v2\/posts"}],"about":[{"href":"https:\/\/zjarr.tv\/en\/wp-json\/wp\/v2\/types\/post"}],"author":[{"embeddable":true,"href":"https:\/\/zjarr.tv\/en\/wp-json\/wp\/v2\/users\/2013"}],"replies":[{"embeddable":true,"href":"https:\/\/zjarr.tv\/en\/wp-json\/wp\/v2\/comments?post=106097"}],"version-history":[{"count":0,"href":"https:\/\/zjarr.tv\/en\/wp-json\/wp\/v2\/posts\/106097\/revisions"}],"wp:featuredmedia":[{"embeddable":true,"href":"https:\/\/zjarr.tv\/en\/wp-json\/wp\/v2\/media\/106098"}],"wp:attachment":[{"href":"https:\/\/zjarr.tv\/en\/wp-json\/wp\/v2\/media?parent=106097"}],"wp:term":[{"taxonomy":"category","embeddable":true,"href":"https:\/\/zjarr.tv\/en\/wp-json\/wp\/v2\/categories?post=106097"},{"taxonomy":"post_tag","embeddable":true,"href":"https:\/\/zjarr.tv\/en\/wp-json\/wp\/v2\/tags?post=106097"}],"curies":[{"name":"wp","href":"https:\/\/api.w.org\/{rel}","templated":true}]}}