{"id":106100,"date":"2019-09-11T13:43:54","date_gmt":"2019-09-11T11:43:54","guid":{"rendered":"https:\/\/zjarr.tv\/?p=106100"},"modified":"2019-09-11T13:43:54","modified_gmt":"2019-09-11T11:43:54","slug":"me-therrasin-gladiator-ja-pse-e-mbaj-masken-nuk-e-di-pse-vellait-tim","status":"publish","type":"post","link":"https:\/\/zjarr.tv\/en\/me-therrasin-gladiator-ja-pse-e-mbaj-masken-nuk-e-di-pse-vellait-tim\/","title":{"rendered":"&#8216;M\u00eb th\u00ebrrasin gladiator, ja pse e mbaj mask\u00ebn! Nuk e di pse v\u00ebllait tim&#8230;&#8217;"},"content":{"rendered":"<p>Klaus Gjasula, mesfushori i Shqip\u00ebris\u00eb, q\u00eb ka luajtur ndeshjen e par\u00eb si titullar me komb\u00ebtaren, ka folur p\u00ebr suksesin:<\/p>\n<p>&#8220;Ishte e r\u00ebnd\u00ebsishme t\u00eb fitonim, duke qen\u00eb se vinim pas humbjes me Franc\u00ebn. Tani na pret nj\u00eb finale ndaj Turqis\u00eb, por n\u00ebse luajm\u00eb me k\u00ebt\u00eb grint\u00eb dhe k\u00ebshtu n\u00eb sulm, besoj se mund t&#8217;ia dalim&#8221;.<\/p>\n<p>&#8220;Pse e mbaj kasket\u00ebn n\u00eb kok\u00eb? Sepse koh\u00eb m\u00eb par\u00eb theva nj\u00eb kock\u00eb te koka dhe duhet t\u00eb mbrohesha. E hoqa kasket\u00ebn nj\u00ebher\u00eb n\u00eb nj\u00eb ndeshje dhe portieri i ekipit tim me grusht n\u00eb tentativ\u00eb p\u00ebr t\u00eb hequr topin me goditi aty&#8230; Nga aty, e vura prap dhe nuk e heq m\u00eb. M\u00eb th\u00ebrrasin gladiator n\u00eb Gjermani!&#8221;.<\/p>\n<div id=\"rekl-13\">\n<div id=\"__sap-ad-15\" class=\"__sap-ads __sap-html tracked\" data-title=\"Credins desktop 08\"><\/div>\n<\/div>\n<p>&#8220;Un\u00eb m\u00eb i mir\u00eb se v\u00ebllai (Jurgen Gjasula)? Jo, jo! Ai ka qen\u00eb lojtar shum\u00eb i mir\u00eb, por nuk e di pse nuk i eci me komb\u00ebtaren.<\/p>","protected":false},"excerpt":{"rendered":"<p>Klaus Gjasula, mesfushori i Shqip\u00ebris\u00eb, q\u00eb ka luajtur ndeshjen e par\u00eb si titullar me komb\u00ebtaren, ka folur p\u00ebr suksesin: &#8220;Ishte e r\u00ebnd\u00ebsishme t\u00eb fitonim, duke qen\u00eb se vinim pas humbjes me Franc\u00ebn. Tani na pret nj\u00eb finale ndaj Turqis\u00eb, por n\u00ebse luajm\u00eb me k\u00ebt\u00eb grint\u00eb dhe k\u00ebshtu n\u00eb sulm, besoj se mund t&#8217;ia dalim&#8221;. &#8220;Pse [&hellip;]<\/p>\n","protected":false},"author":2013,"featured_media":106103,"comment_status":"open","ping_status":"closed","sticky":false,"template":"","format":"standard","meta":{"footnotes":""},"categories":[241,192],"tags":[],"class_list":{"0":"post-106100","1":"post","2":"type-post","3":"status-publish","4":"format-standard","5":"has-post-thumbnail","7":"category-aktualitet","8":"category-sport"},"_links":{"self":[{"href":"https:\/\/zjarr.tv\/en\/wp-json\/wp\/v2\/posts\/106100","targetHints":{"allow":["GET"]}}],"collection":[{"href":"https:\/\/zjarr.tv\/en\/wp-json\/wp\/v2\/posts"}],"about":[{"href":"https:\/\/zjarr.tv\/en\/wp-json\/wp\/v2\/types\/post"}],"author":[{"embeddable":true,"href":"https:\/\/zjarr.tv\/en\/wp-json\/wp\/v2\/users\/2013"}],"replies":[{"embeddable":true,"href":"https:\/\/zjarr.tv\/en\/wp-json\/wp\/v2\/comments?post=106100"}],"version-history":[{"count":0,"href":"https:\/\/zjarr.tv\/en\/wp-json\/wp\/v2\/posts\/106100\/revisions"}],"wp:featuredmedia":[{"embeddable":true,"href":"https:\/\/zjarr.tv\/en\/wp-json\/wp\/v2\/media\/106103"}],"wp:attachment":[{"href":"https:\/\/zjarr.tv\/en\/wp-json\/wp\/v2\/media?parent=106100"}],"wp:term":[{"taxonomy":"category","embeddable":true,"href":"https:\/\/zjarr.tv\/en\/wp-json\/wp\/v2\/categories?post=106100"},{"taxonomy":"post_tag","embeddable":true,"href":"https:\/\/zjarr.tv\/en\/wp-json\/wp\/v2\/tags?post=106100"}],"curies":[{"name":"wp","href":"https:\/\/api.w.org\/{rel}","templated":true}]}}