{"id":106113,"date":"2019-09-11T14:04:17","date_gmt":"2019-09-11T12:04:17","guid":{"rendered":"https:\/\/zjarr.tv\/?p=106113"},"modified":"2019-09-11T14:04:17","modified_gmt":"2019-09-11T12:04:17","slug":"kryeministri-rama-ne-gjermani-pritet-takimi-me-merkel","status":"publish","type":"post","link":"https:\/\/zjarr.tv\/en\/kryeministri-rama-ne-gjermani-pritet-takimi-me-merkel\/","title":{"rendered":"Kryeministri Rama n\u00eb Gjermani, pritet takimi me Merkel"},"content":{"rendered":"<p>T\u00eb enjten kur n\u00eb seanc\u00eb jan\u00eb rreshtuar 6 dekrete t\u00eb Presidentit Ilir Meta, dhe mazhoranca do t\u00eb ngrej\u00eb karton\u00ebt p\u00ebr t\u2019i rr\u00ebzuar, Kryeministri Edi Rama nuk do t\u00eb jet\u00eb n\u00eb seanc\u00eb.<\/p>\n<p>Rama do t\u00eb udh\u00ebtoj\u00eb drejt Prag\u00ebs, ku do t\u00eb marr\u00eb pjes\u00eb n\u00eb nj\u00eb samit me lider\u00ebt e Ballkanit Per\u00ebndimor. Prej andej, shefi i qeveris\u00eb do t\u00eb udh\u00ebtoj\u00eb n\u00eb Berlin, ku pritet t\u00eb ket\u00eb takim edhe me kancelaren gjermane, Angela Merkel t\u00eb premten.<\/p>\n<p>Q\u00ebllimi i k\u00ebsaj vizite pritet t\u00eb jet\u00eb integrimi dhe vendimi q\u00eb Gjermania pritet t\u00eb kristalizoj\u00eb p\u00ebr Shqip\u00ebrin\u00eb n\u00eb prag t\u00eb mbledhjes s\u00eb tetorit p\u00ebr \u00e7eljen ose jo t\u00eb negociatave.<\/p>","protected":false},"excerpt":{"rendered":"<p>T\u00eb enjten kur n\u00eb seanc\u00eb jan\u00eb rreshtuar 6 dekrete t\u00eb Presidentit Ilir Meta, dhe mazhoranca do t\u00eb ngrej\u00eb karton\u00ebt p\u00ebr t\u2019i rr\u00ebzuar, Kryeministri Edi Rama nuk do t\u00eb jet\u00eb n\u00eb seanc\u00eb. Rama do t\u00eb udh\u00ebtoj\u00eb drejt Prag\u00ebs, ku do t\u00eb marr\u00eb pjes\u00eb n\u00eb nj\u00eb samit me lider\u00ebt e Ballkanit Per\u00ebndimor. Prej andej, shefi i qeveris\u00eb [&hellip;]<\/p>\n","protected":false},"author":2013,"featured_media":106118,"comment_status":"open","ping_status":"closed","sticky":false,"template":"","format":"standard","meta":{"footnotes":""},"categories":[241,235],"tags":[],"class_list":{"0":"post-106113","1":"post","2":"type-post","3":"status-publish","4":"format-standard","5":"has-post-thumbnail","7":"category-aktualitet","8":"category-vendi"},"_links":{"self":[{"href":"https:\/\/zjarr.tv\/en\/wp-json\/wp\/v2\/posts\/106113","targetHints":{"allow":["GET"]}}],"collection":[{"href":"https:\/\/zjarr.tv\/en\/wp-json\/wp\/v2\/posts"}],"about":[{"href":"https:\/\/zjarr.tv\/en\/wp-json\/wp\/v2\/types\/post"}],"author":[{"embeddable":true,"href":"https:\/\/zjarr.tv\/en\/wp-json\/wp\/v2\/users\/2013"}],"replies":[{"embeddable":true,"href":"https:\/\/zjarr.tv\/en\/wp-json\/wp\/v2\/comments?post=106113"}],"version-history":[{"count":0,"href":"https:\/\/zjarr.tv\/en\/wp-json\/wp\/v2\/posts\/106113\/revisions"}],"wp:featuredmedia":[{"embeddable":true,"href":"https:\/\/zjarr.tv\/en\/wp-json\/wp\/v2\/media\/106118"}],"wp:attachment":[{"href":"https:\/\/zjarr.tv\/en\/wp-json\/wp\/v2\/media?parent=106113"}],"wp:term":[{"taxonomy":"category","embeddable":true,"href":"https:\/\/zjarr.tv\/en\/wp-json\/wp\/v2\/categories?post=106113"},{"taxonomy":"post_tag","embeddable":true,"href":"https:\/\/zjarr.tv\/en\/wp-json\/wp\/v2\/tags?post=106113"}],"curies":[{"name":"wp","href":"https:\/\/api.w.org\/{rel}","templated":true}]}}