{"id":106115,"date":"2019-09-11T13:59:03","date_gmt":"2019-09-11T11:59:03","guid":{"rendered":"https:\/\/zjarr.tv\/?p=106115"},"modified":"2019-09-11T13:59:03","modified_gmt":"2019-09-11T11:59:03","slug":"telefonata-e-fundit-me-kapitenin-biznesmeni-turk-perplaset-me-prokurorine-per-jahtin-e-braktisur-ne-shengjin","status":"publish","type":"post","link":"https:\/\/zjarr.tv\/en\/telefonata-e-fundit-me-kapitenin-biznesmeni-turk-perplaset-me-prokurorine-per-jahtin-e-braktisur-ne-shengjin\/","title":{"rendered":"\u201cTelefonata e fundit me kapitenin\u201d Biznesmeni turk p\u00ebrplaset me Prokurorin\u00eb p\u00ebr jahtin e braktisur n\u00eb Sh\u00ebngjin"},"content":{"rendered":"<p>\u201cSevgin Yavuz \u00ebsht\u00eb kapiten i jahtit tim. Ishte nisur nga Budva p\u00ebr t\u00eb marr\u00eb v\u00ebllan\u00eb tim n\u00eb ishullin e Korfuzit, ku ndodhej me pushime. Hera e fundit q\u00eb e kam telefonuar \u00ebsht\u00eb kur ai ndodhej n\u00eb Durr\u00ebs. M\u00eb tha q\u00eb kam hyr\u00eb n\u00eb uj\u00ebrat territoriale shqiprtare dhe jam af\u00ebr Durr\u00ebsit. Nj\u00eb moment, m\u00eb tha q\u00eb nuk kishte shum\u00eb val\u00eb telefoni, ky ka qen\u00eb dhe kontakti im i fundit me t\u00eb\u201d. -k\u00ebshtu ka deklaruar p\u00ebrpara oficer\u00ebve t\u00eb policis\u00eb, Pronari i v\u00ebrtet\u00eb i jahtit q\u00eb u gjet i braktisur 12 milje larg nga Sh\u00ebngjini.<\/p>\n<div id=\"sovrn\" class=\"desktop_ad ad_bottom_space\"><ins><\/p>\n<div id=\"beacon_9f506f047c\"><img loading=\"lazy\" decoding=\"async\" src=\"https:\/\/ads.balkanweb.com\/www\/delivery\/lg.php?bannerid=0&amp;campaignid=0&amp;zoneid=426&amp;loc=https%3A%2F%2Fbalkanweb.com%2Ftelefonata-e-fundit-me-kapitenin-biznesmeni-turk-perplaset-me-prokurorine-per-jahtin-e-braktisur-ne-shengjin%2F&amp;referer=https%3A%2F%2Fbalkanweb.com%2Fkategoria%2Fshqiperia%2F&amp;cb=9f506f047c\" alt=\"\" width=\"0\" height=\"0\" \/><\/div>\n<p><\/ins><\/p>\n<div id=\"onetag-wrapper-3\" class=\"sovrn-onetag-ad\"><\/div>\n<\/div>\n<p>Nedim Akyuz, ka k\u00ebmb\u00ebngulur se kapiteti i jahtit n\u00eb dijenin\u00eb e tij nuk kishte asnj\u00eb problem dhe nuk rezuilton t\u00eb ket\u00eb rekorde t\u00eb m\u00ebparshme kriminale. Ai nd\u00ebrkoh\u00eb i shoq\u00ebruar edhe nga punonj\u00ebs t\u00eb ambasad\u00ebs turke ka k\u00ebrkuar t\u00eb marr\u00eb jahtin e tij n\u00eb Turqi, por prokuroria ka refuzuar me argumentin se jahti sh\u00ebrben si prov\u00eb p\u00ebr hetimin e c\u00ebshtjes. Deri m\u00eb tani jahti nuk i \u00ebsht\u00eb kthyer, edhe pse pronari k\u00ebmb\u00ebnguli se p\u00ebr mir\u00ebmbajtjen e tij duhen shpenzuar miliona euro dhe kjo p\u00ebr t\u00eb \u00ebsht\u00eb humbje.<\/p>\n<p>Prokuroria e Lezh\u00ebs nga ana tjet\u00ebr ka cuar p\u00ebr ekspertiz\u00eb celularin e Sevgin Yabuz, personi q\u00eb mendohet i zhdukur, me shpres\u00ebn se do t\u00eb mund t\u00eb gjej\u00eb t\u00eb dh\u00ebna p\u00ebr t\u00eb m\u00ebsuar m\u00eb shum\u00eb rreth fatit t\u00eb tij.<\/p>","protected":false},"excerpt":{"rendered":"<p>\u201cSevgin Yavuz \u00ebsht\u00eb kapiten i jahtit tim. Ishte nisur nga Budva p\u00ebr t\u00eb marr\u00eb v\u00ebllan\u00eb tim n\u00eb ishullin e Korfuzit, ku ndodhej me pushime. Hera e fundit q\u00eb e kam telefonuar \u00ebsht\u00eb kur ai ndodhej n\u00eb Durr\u00ebs. M\u00eb tha q\u00eb kam hyr\u00eb n\u00eb uj\u00ebrat territoriale shqiprtare dhe jam af\u00ebr Durr\u00ebsit. Nj\u00eb moment, m\u00eb tha q\u00eb [&hellip;]<\/p>\n","protected":false},"author":2013,"featured_media":106116,"comment_status":"open","ping_status":"closed","sticky":false,"template":"","format":"standard","meta":{"footnotes":""},"categories":[241,235],"tags":[],"class_list":{"0":"post-106115","1":"post","2":"type-post","3":"status-publish","4":"format-standard","5":"has-post-thumbnail","7":"category-aktualitet","8":"category-vendi"},"_links":{"self":[{"href":"https:\/\/zjarr.tv\/en\/wp-json\/wp\/v2\/posts\/106115","targetHints":{"allow":["GET"]}}],"collection":[{"href":"https:\/\/zjarr.tv\/en\/wp-json\/wp\/v2\/posts"}],"about":[{"href":"https:\/\/zjarr.tv\/en\/wp-json\/wp\/v2\/types\/post"}],"author":[{"embeddable":true,"href":"https:\/\/zjarr.tv\/en\/wp-json\/wp\/v2\/users\/2013"}],"replies":[{"embeddable":true,"href":"https:\/\/zjarr.tv\/en\/wp-json\/wp\/v2\/comments?post=106115"}],"version-history":[{"count":0,"href":"https:\/\/zjarr.tv\/en\/wp-json\/wp\/v2\/posts\/106115\/revisions"}],"wp:featuredmedia":[{"embeddable":true,"href":"https:\/\/zjarr.tv\/en\/wp-json\/wp\/v2\/media\/106116"}],"wp:attachment":[{"href":"https:\/\/zjarr.tv\/en\/wp-json\/wp\/v2\/media?parent=106115"}],"wp:term":[{"taxonomy":"category","embeddable":true,"href":"https:\/\/zjarr.tv\/en\/wp-json\/wp\/v2\/categories?post=106115"},{"taxonomy":"post_tag","embeddable":true,"href":"https:\/\/zjarr.tv\/en\/wp-json\/wp\/v2\/tags?post=106115"}],"curies":[{"name":"wp","href":"https:\/\/api.w.org\/{rel}","templated":true}]}}