{"id":106126,"date":"2019-09-11T14:16:04","date_gmt":"2019-09-11T12:16:04","guid":{"rendered":"https:\/\/zjarr.tv\/?p=106126"},"modified":"2019-09-11T14:16:04","modified_gmt":"2019-09-11T12:16:04","slug":"vizita-e-venecias-ne-tirane-meta-ne-1700-konference-per-mediat","status":"publish","type":"post","link":"https:\/\/zjarr.tv\/en\/vizita-e-venecias-ne-tirane-meta-ne-1700-konference-per-mediat\/","title":{"rendered":"Vizita e Venecias n\u00eb Tiran\u00eb, Meta n\u00eb 17:00 konferenc\u00eb p\u00ebr mediat"},"content":{"rendered":"<p>Kreu i Shtetit, Ilir Meta, do t\u00eb dal\u00eb n\u00eb nj\u00eb konferenc\u00eb p\u00ebr mediat n\u00eb mbyllje t\u00eb vizit\u00ebs faktmbledh\u00ebse \u00a0t\u00eb delegacionit t\u00eb Venecias n\u00eb Tiran\u00eb.<\/p>\n<p>Konferenca \u00ebshrt\u00eb njoftuar n\u00eb or\u00eb 17:00 n\u00eb ambientet e Presidenc\u00ebs, ku m\u00ebsohet se Meta do t\u00eb jet\u00eb i hapur dhe p\u00ebrpyetje nga gazetar\u00ebt.<\/p>\n<p>Delegacioni i Komisionit t\u00eb Venecias ka zhvilluar takime me krer\u00ebt m\u00eb t\u00eb lart\u00eb t\u00eb shtetit dhe t\u00eb politik\u00ebs p\u00ebr tu njohur me pretendimet e pal\u00ebve mbi nism\u00ebn p\u00ebr shkarkimin e presidentit Ilir Meta. \u00a0T\u00eb par\u00ebt q\u00eb dhan\u00eb mendimin e tyre ishin p\u00ebrfaq\u00ebsuesit e opozit\u00ebs.<\/p>\n<p>Delegacioni u ndal m\u00eb pas n\u00eb takimin me sekretarin e P\u00ebrgjithsh\u00ebm t\u00eb PS-s\u00eb, Taulant Balla dhe m\u00eb tej n\u00eb presidenc\u00eb ku m\u00ebsohet se jan\u00eb dh\u00ebn\u00eb argumentet p\u00ebr dekretin e anulimit t\u00eb zgjedhjeve vendore n\u00eb 30 qershor.<\/p>\n<p>Pas diskutimeve, n\u00eb nj\u00eb deklarat\u00eb p\u00ebr mediat Kreu i Shtetit shprehet se n\u00ebse do t\u00eb ishin respektuar rekomandimet e Komisionit t\u00eb Venecias n\u00eb t\u00eb kaluar\u00ebn, Shqip\u00ebria nuk do t\u00eb ishte kurr\u00eb n\u00eb k\u00ebt\u00eb situat\u00eb.<\/p>\n<p>Nd\u00ebrkaq n\u00eb takimin me kreun e kuvendit, Gramoz Ru\u00e7i, \u00ebsht\u00eb diskutuar si p\u00ebr komisionin parlamentar hetimor ndaj presidentit, ashtu dhe p\u00ebr reform\u00ebn n\u00eb drejt\u00ebsi, vettingun ndaj funksionar\u00ebve t\u00eb lart\u00eb apo dhe ligjin mbi pron\u00ebsin\u00eb dhe t\u00eb drejt\u00ebn e zgjedh\u00ebsve p\u00ebr t\u00eb paraqitur nj\u00eb nism\u00eb ligjore.<\/p>\n<p>Edhe p\u00ebrfaq\u00ebsuesit e opozit\u00ebs s\u00eb re kan\u00eb dh\u00ebn\u00eb mendimin e tyre p\u00ebrsa i p\u00ebrket kriz\u00ebs politike. Nd\u00ebrsa n\u00eb kryeministri \u00ebsht\u00eb diskutuar mbi kriz\u00ebn politike, si dhe mbi situat\u00ebn e krijuar pas zhdekretimit t\u00eb 30 qershorit.<\/p>","protected":false},"excerpt":{"rendered":"<p>Kreu i Shtetit, Ilir Meta, do t\u00eb dal\u00eb n\u00eb nj\u00eb konferenc\u00eb p\u00ebr mediat n\u00eb mbyllje t\u00eb vizit\u00ebs faktmbledh\u00ebse \u00a0t\u00eb delegacionit t\u00eb Venecias n\u00eb Tiran\u00eb. Konferenca \u00ebshrt\u00eb njoftuar n\u00eb or\u00eb 17:00 n\u00eb ambientet e Presidenc\u00ebs, ku m\u00ebsohet se Meta do t\u00eb jet\u00eb i hapur dhe p\u00ebrpyetje nga gazetar\u00ebt. Delegacioni i Komisionit t\u00eb Venecias ka zhvilluar takime [&hellip;]<\/p>\n","protected":false},"author":2013,"featured_media":96498,"comment_status":"open","ping_status":"closed","sticky":false,"template":"","format":"standard","meta":{"footnotes":""},"categories":[241,235],"tags":[],"class_list":{"0":"post-106126","1":"post","2":"type-post","3":"status-publish","4":"format-standard","5":"has-post-thumbnail","7":"category-aktualitet","8":"category-vendi"},"_links":{"self":[{"href":"https:\/\/zjarr.tv\/en\/wp-json\/wp\/v2\/posts\/106126","targetHints":{"allow":["GET"]}}],"collection":[{"href":"https:\/\/zjarr.tv\/en\/wp-json\/wp\/v2\/posts"}],"about":[{"href":"https:\/\/zjarr.tv\/en\/wp-json\/wp\/v2\/types\/post"}],"author":[{"embeddable":true,"href":"https:\/\/zjarr.tv\/en\/wp-json\/wp\/v2\/users\/2013"}],"replies":[{"embeddable":true,"href":"https:\/\/zjarr.tv\/en\/wp-json\/wp\/v2\/comments?post=106126"}],"version-history":[{"count":0,"href":"https:\/\/zjarr.tv\/en\/wp-json\/wp\/v2\/posts\/106126\/revisions"}],"wp:featuredmedia":[{"embeddable":true,"href":"https:\/\/zjarr.tv\/en\/wp-json\/wp\/v2\/media\/96498"}],"wp:attachment":[{"href":"https:\/\/zjarr.tv\/en\/wp-json\/wp\/v2\/media?parent=106126"}],"wp:term":[{"taxonomy":"category","embeddable":true,"href":"https:\/\/zjarr.tv\/en\/wp-json\/wp\/v2\/categories?post=106126"},{"taxonomy":"post_tag","embeddable":true,"href":"https:\/\/zjarr.tv\/en\/wp-json\/wp\/v2\/tags?post=106126"}],"curies":[{"name":"wp","href":"https:\/\/api.w.org\/{rel}","templated":true}]}}