{"id":106130,"date":"2019-09-11T14:18:44","date_gmt":"2019-09-11T12:18:44","guid":{"rendered":"https:\/\/zjarr.tv\/?p=106130"},"modified":"2019-09-11T14:18:44","modified_gmt":"2019-09-11T12:18:44","slug":"skoci-shqiptari-kapet-duke-ruajtur-fermen-me-kanabis","status":"publish","type":"post","link":"https:\/\/zjarr.tv\/en\/skoci-shqiptari-kapet-duke-ruajtur-fermen-me-kanabis\/","title":{"rendered":"Skoci, shqiptari kapet duke ruajtur ferm\u00ebn me kanabis"},"content":{"rendered":"<p>Nj\u00eb shqiptar, i cili pretendon se ka r\u00ebn\u00eb viktim\u00eb e trafikut t\u00eb qenieve njer\u00ebzore \u00ebsht\u00eb d\u00ebnuar me 30 muaj burg, pasi \u00ebsht\u00eb gjetur duke ruajtur nj\u00eb ferm\u00eb kanabisi n\u00eb Skoci.<\/p>\n<p>M.K pretendon se u largua nga vendlindja e tij p\u00ebr t\u00eb shkuar drejt Britanis\u00eb s\u00eb Madhe, pasi i frik\u00ebsohej vrasjes dhe duhet t&#8217;ju paguante 16.000 paund trafikant\u00ebve.<\/p>\n<p>Sipas prokurorit Graham Fraser, i akuzuari \u00ebsht\u00eb larguar nga Shqip\u00ebria rreth nj\u00eb vit m\u00eb par\u00eb, pasi xhaxhai i tij q\u00eb ishte nj\u00eb person me r\u00ebnd\u00ebsi n\u00eb politik\u00eb u vra.<\/p>\n<p>Pas k\u00ebrc\u00ebnimeve q\u00eb M.K dhe familja e tij mor\u00ebn, ai u detyrua t\u00eb largohej nga vendi.<\/p>\n<p>Avokati Urfan Dar shpjegon se &#8220;M.K udh\u00ebtoi nga Italia n\u00eb Belgjik\u00eb dhe m\u00eb pas punonte n\u00eb Lond\u00ebr por ra pre e mashtrimeve. Atij iu tha se duhej t\u00eb shkonte n\u00eb Newcastle por m\u00eb pas e fut\u00ebn n\u00eb nj\u00eb taxi dhe e d\u00ebrguan n\u00eb Galashiels. Ai nuk donte ta b\u00ebnte k\u00ebt\u00eb gj\u00eb&#8221;.<\/p>\n<p>Edhe prokuroi Fraser, shton se M.K nuk e dinte se ndodhej n\u00eb Skoci dhe madje ishte dhunuar duke i thyer edhe hund\u00ebn.<\/p>\n<p>&#8220;The Southern Reporter&#8221; shkruan se kur policia hyri n\u00eb katin e \u00a0par\u00eb t\u00eb nd\u00ebrtes\u00ebs s\u00eb nj\u00eb dyqani t\u00eb vjet\u00ebr, gjet\u00ebn 700 bim\u00eb kanabis dhe 30-vje\u00e7arin duke fjetur n\u00eb kuzhin\u00eb.<\/p>\n<p>M.K k\u00ebmb\u00ebngul se roli i tij ishte vet\u00ebm p\u00ebr t\u00eb ruajtur dhe jo t\u00eb merrej me kultivimin e bim\u00ebve.<\/p>\n<p>Edhe pala mbrojt\u00ebse, k\u00ebrkoi ulje t\u00eb d\u00ebnimit duke marr\u00eb parasysh se ai nuk ishte as kopshtari dhe kishte r\u00ebn\u00eb pre e trafikut t\u00eb qenieve njer\u00ebzore.<\/p>","protected":false},"excerpt":{"rendered":"<p>Nj\u00eb shqiptar, i cili pretendon se ka r\u00ebn\u00eb viktim\u00eb e trafikut t\u00eb qenieve njer\u00ebzore \u00ebsht\u00eb d\u00ebnuar me 30 muaj burg, pasi \u00ebsht\u00eb gjetur duke ruajtur nj\u00eb ferm\u00eb kanabisi n\u00eb Skoci. M.K pretendon se u largua nga vendlindja e tij p\u00ebr t\u00eb shkuar drejt Britanis\u00eb s\u00eb Madhe, pasi i frik\u00ebsohej vrasjes dhe duhet t&#8217;ju paguante 16.000 [&hellip;]<\/p>\n","protected":false},"author":2013,"featured_media":106131,"comment_status":"open","ping_status":"closed","sticky":false,"template":"","format":"standard","meta":{"footnotes":""},"categories":[241,235],"tags":[],"class_list":{"0":"post-106130","1":"post","2":"type-post","3":"status-publish","4":"format-standard","5":"has-post-thumbnail","7":"category-aktualitet","8":"category-vendi"},"_links":{"self":[{"href":"https:\/\/zjarr.tv\/en\/wp-json\/wp\/v2\/posts\/106130","targetHints":{"allow":["GET"]}}],"collection":[{"href":"https:\/\/zjarr.tv\/en\/wp-json\/wp\/v2\/posts"}],"about":[{"href":"https:\/\/zjarr.tv\/en\/wp-json\/wp\/v2\/types\/post"}],"author":[{"embeddable":true,"href":"https:\/\/zjarr.tv\/en\/wp-json\/wp\/v2\/users\/2013"}],"replies":[{"embeddable":true,"href":"https:\/\/zjarr.tv\/en\/wp-json\/wp\/v2\/comments?post=106130"}],"version-history":[{"count":0,"href":"https:\/\/zjarr.tv\/en\/wp-json\/wp\/v2\/posts\/106130\/revisions"}],"wp:featuredmedia":[{"embeddable":true,"href":"https:\/\/zjarr.tv\/en\/wp-json\/wp\/v2\/media\/106131"}],"wp:attachment":[{"href":"https:\/\/zjarr.tv\/en\/wp-json\/wp\/v2\/media?parent=106130"}],"wp:term":[{"taxonomy":"category","embeddable":true,"href":"https:\/\/zjarr.tv\/en\/wp-json\/wp\/v2\/categories?post=106130"},{"taxonomy":"post_tag","embeddable":true,"href":"https:\/\/zjarr.tv\/en\/wp-json\/wp\/v2\/tags?post=106130"}],"curies":[{"name":"wp","href":"https:\/\/api.w.org\/{rel}","templated":true}]}}