{"id":106142,"date":"2019-09-11T15:37:34","date_gmt":"2019-09-11T13:37:34","guid":{"rendered":"https:\/\/zjarr.tv\/?p=106142"},"modified":"2019-09-11T15:37:34","modified_gmt":"2019-09-11T13:37:34","slug":"arme-dhe-droge-me-vete-arrestohet-dy-persona-ne-tirane","status":"publish","type":"post","link":"https:\/\/zjarr.tv\/en\/arme-dhe-droge-me-vete-arrestohet-dy-persona-ne-tirane\/","title":{"rendered":"Arm\u00eb dhe drog\u00eb me vete, arrestohet dy persona n\u00eb Tiran\u00eb"},"content":{"rendered":"<p>Dy persona kan\u00eb r\u00ebn\u00eb n\u00eb prangat e policis\u00eb, dit\u00ebn e sotme.<\/p>\n<p>Personave t\u00eb arrestuar i jan\u00eb sekuestrohet nj\u00eb arm\u00eb zjarri pistolet\u00eb, nj\u00eb arm\u00eb e ftoht\u00eb thik\u00eb dhe nj\u00eb sasi l\u00ebnde e dyshuar kanabis.<\/p>\n<p>Ja njoftimi i plot\u00eb i policis\u00eb:<\/p>\n<div id=\"rekl-13\">\n<div id=\"__sap-ad-15\" class=\"__sap-ads __sap-html tracked\" data-title=\"Credins desktop 08\"><\/div>\n<\/div>\n<p>Tiran\u00eb<\/p>\n<p>Finalizohet nga Komisariati i Policis\u00eb Nr. 6 operacioni policor i koduar \u201cAleati 2\u201d<\/p>\n<p>N\u00eb pranga dy shtetas.<\/p>\n<p>Sekuestrohet nj\u00eb arm\u00eb zjarri pistolet\u00eb, nj\u00eb arm\u00eb e ftoht\u00eb thik\u00eb dhe nj\u00eb sasi l\u00ebnde e dyshuar kanabis.<\/p>\n<p>Komisariati i Policis\u00eb Nr. 6 n\u00eb saj\u00eb t\u00eb informacioneve t\u00eb marra n\u00eb rrug\u00eb operative dhe fal\u00eb nj\u00eb pune t\u00eb mir\u00eborganizuar hetimore finalizoi me sukses operacionin policor t\u00eb koduar \u201cAleati 2\u201d, n\u00eb kuad\u00ebr t\u00eb t\u00eb cilit, u b\u00eb arrestimi n\u00eb flagranc\u00eb i shtetasve:<\/p>\n<p>\u2013 E. D., 33 vje\u00e7, banues n\u00eb Yrshek, Tiran\u00eb;<\/p>\n<p>\u2013 E. B., 25 vje\u00e7, banues n\u00eb Yrshek, Tiran\u00eb;<\/p>\n<p>P\u00ebr shtetasit e lartp\u00ebrmendur sh\u00ebrbimet e policis\u00eb t\u00eb komisariatit Nr.6 dispononin informacion se l\u00ebviznin me sende t\u00eb kund\u00ebrligjshme me vete.<\/p>\n<p>Menj\u00ebher\u00eb nga sh\u00ebrbimet e policis\u00eb \u00ebsht\u00eb organizuar operacioni policor \u201cAleati 2\u201d p\u00ebr kapjen e tyre n\u00eb flagranc\u00eb. Pasi sh\u00ebrbimet e policis\u00eb i kan\u00eb konstatuar k\u00ebta dy shtetas n\u00eb nj\u00eb lokal n\u00eb zon\u00ebn e Yrshekut, u kan\u00eb ushtruar kontroll fizik. Gjat\u00eb kontrollit fizik shtetasit E. D., iu gjet nj\u00eb arm\u00eb zjarri pistolet\u00eb me kreh\u00ebr me fishek\u00eb, nd\u00ebrsa shtetasit E. B., iu gjet nj\u00eb arm\u00eb e ftoht\u00eb thik\u00eb dhe nj\u00eb sasi l\u00ebnde e dyshuar kanabis.<\/p>\n<p>U sekuestruan n\u00eb cil\u00ebsin\u00eb e prov\u00ebs materiale: nj\u00eb arm\u00eb zjarri pistolet\u00eb me kreh\u00ebr me fishek\u00eb, nj\u00eb arm\u00eb e ftoht\u00eb thik\u00eb dhe nj\u00eb sasi l\u00ebnde e dyshuar kanabis.<\/p>\n<p>Materialet proceduarale i kaluan Prokuroris\u00eb s\u00eb Rrethit Gjyq\u00ebsor Tiran\u00eb, p\u00ebr veprime t\u00eb m\u00ebtejshme, p\u00ebr vepr\u00ebn penale \u201c Mbajtja pa leje e arm\u00ebve luftarake dhe e municionit\u201d n\u00eb ngarkim t\u00eb shtetasit E. D. dhe p\u00ebr veprat penale \u201cMbajtja pa leje e arm\u00ebve t\u00eb ftohta\u201d e \u201cProdhimi dhe shitja e narkotik\u00ebve\u201d n\u00eb ngarkim t\u00eb shtetasit E. B.<\/p>","protected":false},"excerpt":{"rendered":"<p>Dy persona kan\u00eb r\u00ebn\u00eb n\u00eb prangat e policis\u00eb, dit\u00ebn e sotme. Personave t\u00eb arrestuar i jan\u00eb sekuestrohet nj\u00eb arm\u00eb zjarri pistolet\u00eb, nj\u00eb arm\u00eb e ftoht\u00eb thik\u00eb dhe nj\u00eb sasi l\u00ebnde e dyshuar kanabis. Ja njoftimi i plot\u00eb i policis\u00eb: Tiran\u00eb Finalizohet nga Komisariati i Policis\u00eb Nr. 6 operacioni policor i koduar \u201cAleati 2\u201d N\u00eb pranga [&hellip;]<\/p>\n","protected":false},"author":2013,"featured_media":106143,"comment_status":"open","ping_status":"closed","sticky":false,"template":"","format":"standard","meta":{"footnotes":""},"categories":[241,235],"tags":[],"class_list":{"0":"post-106142","1":"post","2":"type-post","3":"status-publish","4":"format-standard","5":"has-post-thumbnail","7":"category-aktualitet","8":"category-vendi"},"_links":{"self":[{"href":"https:\/\/zjarr.tv\/en\/wp-json\/wp\/v2\/posts\/106142","targetHints":{"allow":["GET"]}}],"collection":[{"href":"https:\/\/zjarr.tv\/en\/wp-json\/wp\/v2\/posts"}],"about":[{"href":"https:\/\/zjarr.tv\/en\/wp-json\/wp\/v2\/types\/post"}],"author":[{"embeddable":true,"href":"https:\/\/zjarr.tv\/en\/wp-json\/wp\/v2\/users\/2013"}],"replies":[{"embeddable":true,"href":"https:\/\/zjarr.tv\/en\/wp-json\/wp\/v2\/comments?post=106142"}],"version-history":[{"count":0,"href":"https:\/\/zjarr.tv\/en\/wp-json\/wp\/v2\/posts\/106142\/revisions"}],"wp:featuredmedia":[{"embeddable":true,"href":"https:\/\/zjarr.tv\/en\/wp-json\/wp\/v2\/media\/106143"}],"wp:attachment":[{"href":"https:\/\/zjarr.tv\/en\/wp-json\/wp\/v2\/media?parent=106142"}],"wp:term":[{"taxonomy":"category","embeddable":true,"href":"https:\/\/zjarr.tv\/en\/wp-json\/wp\/v2\/categories?post=106142"},{"taxonomy":"post_tag","embeddable":true,"href":"https:\/\/zjarr.tv\/en\/wp-json\/wp\/v2\/tags?post=106142"}],"curies":[{"name":"wp","href":"https:\/\/api.w.org\/{rel}","templated":true}]}}