{"id":106187,"date":"2019-09-11T20:50:35","date_gmt":"2019-09-11T18:50:35","guid":{"rendered":"https:\/\/zjarr.tv\/?p=106187"},"modified":"2019-09-11T16:00:09","modified_gmt":"2019-09-11T14:00:09","slug":"turqia-dhe-shba-synojne-te-arrijne-objektivin-tregtar-ne-menyre-te-ekuilibruar","status":"publish","type":"post","link":"https:\/\/zjarr.tv\/en\/turqia-dhe-shba-synojne-te-arrijne-objektivin-tregtar-ne-menyre-te-ekuilibruar\/","title":{"rendered":"Turqia dhe SHBA synojn\u00eb t\u00eb arrijn\u00eb objektivin tregtar n\u00eb m\u00ebnyr\u00eb t\u00eb ekuilibruar"},"content":{"rendered":"<p class=\"selectionShareable\">Sekretari amerikan i tregtis\u00eb, Wilbur Ross, ka deklaruar se Turqia dhe SHBA-t\u00eb presin t\u00eb arrijn\u00eb objektivin tregtar 100 miliard\u00eb dollar\u00eb n\u00eb nj\u00eb m\u00ebnyr\u00eb t\u00eb ekuilibruar, raporton Anadolu Agency (AA).<\/p>\n<div id=\"sovrn\" class=\"desktop_ad ad_bottom_space\"><ins><\/p>\n<div id=\"beacon_4de18443b3\"><img loading=\"lazy\" decoding=\"async\" src=\"https:\/\/ads.balkanweb.com\/www\/delivery\/lg.php?bannerid=0&amp;campaignid=0&amp;zoneid=426&amp;loc=https%3A%2F%2Fbalkanweb.com%2Fturqia-dhe-shba-synojne-te-arrijne-objektivin-tregtar-ne-menyre-te-ekuilibruar%2F&amp;referer=https%3A%2F%2Fbalkanweb.com%2Fkategoria%2Fbota%2F&amp;cb=4de18443b3\" alt=\"\" width=\"0\" height=\"0\" \/><\/div>\n<p><\/ins><\/div>\n<p class=\"selectionShareable\">\u201cNe e parashikojm\u00eb at\u00eb t\u00eb q\u00ebndroj\u00eb 50 miliard\u00eb dollar\u00eb m\u00eb shum\u00eb nga pala amerikane n\u00eb Turqi dhe 50 miliard\u00eb dollar\u00eb m\u00eb shum\u00eb nga pala turke n\u00eb SHBA\u201d, tha Ross n\u00eb Ankara gjat\u00eb nj\u00eb konference p\u00ebr media me ministren turke t\u00eb Tregtis\u00eb, Ruhsar Pekcan.<\/p>\n<p class=\"selectionShareable\">Duke theksuar se objektivi shum\u00eb her\u00eb ishte n\u00eb nivelin e tij aktual, Ross tha se \u201cprandaj, po parashikojm\u00eb se tregtia do t\u00eb ishte shum\u00eb e ekuilibruar dhe e zgjeruar\u201d.<\/p>\n<p class=\"selectionShareable\">Nga ana e saj, Pekcan tha se t\u00eb dy pal\u00ebt i dhan\u00eb p\u00ebrpar\u00ebsi sektor\u00ebve t\u00eb ndrysh\u00ebm si atij t\u00eb tekstilit, mobiljeve, mermerit, automobilistik\u00ebs, aviacionit civil, \u00e7imentos dhe kimikateve p\u00ebr t\u00eb rritur v\u00ebllimin e tregtis\u00eb dypal\u00ebshe.<\/p>\n<p class=\"selectionShareable\">Pekcan dhe Ross po ashtu diskutuan \u00e7\u00ebshtjet me t\u00eb cilat p\u00ebrballen sektor\u00eb t\u00eb r\u00ebnd\u00ebsish\u00ebm, ve\u00e7an\u00ebrisht sektorin e \u00e7elikut n\u00eb Turqi, nd\u00ebrsa si\u00e7 tha Pekcan, ajo po ashtu ndau sugjerime me homologun e saj amerikan.<\/p>\n<p class=\"selectionShareable\">Pekcan shtoi se dy pal\u00ebt vendos\u00ebn t\u00eb krijojn\u00eb komitete sektoriale n\u00ebn kryesimin e ministrive t\u00eb tregtis\u00eb t\u00eb t\u00eb dy vendeve.<\/p>","protected":false},"excerpt":{"rendered":"<p>Sekretari amerikan i tregtis\u00eb, Wilbur Ross, ka deklaruar se Turqia dhe SHBA-t\u00eb presin t\u00eb arrijn\u00eb objektivin tregtar 100 miliard\u00eb dollar\u00eb n\u00eb nj\u00eb m\u00ebnyr\u00eb t\u00eb ekuilibruar, raporton Anadolu Agency (AA). \u201cNe e parashikojm\u00eb at\u00eb t\u00eb q\u00ebndroj\u00eb 50 miliard\u00eb dollar\u00eb m\u00eb shum\u00eb nga pala amerikane n\u00eb Turqi dhe 50 miliard\u00eb dollar\u00eb m\u00eb shum\u00eb nga pala turke n\u00eb [&hellip;]<\/p>\n","protected":false},"author":2013,"featured_media":106188,"comment_status":"open","ping_status":"closed","sticky":false,"template":"","format":"standard","meta":{"footnotes":""},"categories":[241,191],"tags":[],"class_list":{"0":"post-106187","1":"post","2":"type-post","3":"status-publish","4":"format-standard","5":"has-post-thumbnail","7":"category-aktualitet","8":"category-bota"},"_links":{"self":[{"href":"https:\/\/zjarr.tv\/en\/wp-json\/wp\/v2\/posts\/106187","targetHints":{"allow":["GET"]}}],"collection":[{"href":"https:\/\/zjarr.tv\/en\/wp-json\/wp\/v2\/posts"}],"about":[{"href":"https:\/\/zjarr.tv\/en\/wp-json\/wp\/v2\/types\/post"}],"author":[{"embeddable":true,"href":"https:\/\/zjarr.tv\/en\/wp-json\/wp\/v2\/users\/2013"}],"replies":[{"embeddable":true,"href":"https:\/\/zjarr.tv\/en\/wp-json\/wp\/v2\/comments?post=106187"}],"version-history":[{"count":0,"href":"https:\/\/zjarr.tv\/en\/wp-json\/wp\/v2\/posts\/106187\/revisions"}],"wp:featuredmedia":[{"embeddable":true,"href":"https:\/\/zjarr.tv\/en\/wp-json\/wp\/v2\/media\/106188"}],"wp:attachment":[{"href":"https:\/\/zjarr.tv\/en\/wp-json\/wp\/v2\/media?parent=106187"}],"wp:term":[{"taxonomy":"category","embeddable":true,"href":"https:\/\/zjarr.tv\/en\/wp-json\/wp\/v2\/categories?post=106187"},{"taxonomy":"post_tag","embeddable":true,"href":"https:\/\/zjarr.tv\/en\/wp-json\/wp\/v2\/tags?post=106187"}],"curies":[{"name":"wp","href":"https:\/\/api.w.org\/{rel}","templated":true}]}}