{"id":106204,"date":"2019-09-11T21:50:54","date_gmt":"2019-09-11T19:50:54","guid":{"rendered":"https:\/\/zjarr.tv\/?p=106204"},"modified":"2019-09-11T16:08:31","modified_gmt":"2019-09-11T14:08:31","slug":"greqi-athina-dhe-nikozia-denojne-shpimet-turke-per-hidrokarbure","status":"publish","type":"post","link":"https:\/\/zjarr.tv\/en\/greqi-athina-dhe-nikozia-denojne-shpimet-turke-per-hidrokarbure\/","title":{"rendered":"Greqi, Athina dhe Nikozia d\u00ebnojn\u00eb shpimet turke p\u00ebr hidrokarbure"},"content":{"rendered":"<p>Krer\u00ebt grek\u00eb dhe qipriot\u00eb d\u00ebnuan dit\u00ebn e djeshme n\u00eb Athin\u00eb shpimet e jasht\u00ebligjshme turke n\u00eb lindje t\u00eb Mesdheut dhe b\u00ebn\u00eb s\u00ebrish thirrje p\u00ebr bisedime p\u00ebr t\u00eb zgjidhur problemin e vazhduar t\u00eb ndarjes s\u00eb ishullit t\u00eb Qipros.<\/p>\n<div id=\"sovrn\" class=\"desktop_ad ad_bottom_space\"><ins><\/p>\n<div id=\"beacon_be318a040a\"><img loading=\"lazy\" decoding=\"async\" src=\"https:\/\/ads.balkanweb.com\/www\/delivery\/lg.php?bannerid=0&amp;campaignid=0&amp;zoneid=426&amp;loc=https%3A%2F%2Fbalkanweb.com%2Fgreqi-athina-dhe-nikozia-denojne-shpimet-turke-per-hidrokarbure%2F&amp;referer=https%3A%2F%2Fbalkanweb.com%2Fkategoria%2Frajoni%2F&amp;cb=be318a040a\" alt=\"\" width=\"0\" height=\"0\" \/><\/div>\n<p><\/ins><\/div>\n<p>\u201cDy krer\u00ebt shpreh\u00ebn shqet\u00ebsimet e tyre p\u00ebr sa i p\u00ebrket aktiviteteve t\u00eb jasht\u00ebligjshme t\u00eb Turqis\u00eb n\u00eb uj\u00ebrat territoriale qipriote\u201d, sipas nj\u00eb komunikate t\u00eb zyr\u00ebs s\u00eb kryeministrit grek, Kyriakos Mitsotakis publikuar pas takimit me presidentin qipriot Nicos Anastasiades.<\/p>\n<p>\u201cAta shpreh\u00ebn gjithashtu d\u00ebshir\u00ebn e tyre p\u00ebr t\u00eb rifilluar negociatat e r\u00ebnd\u00ebsishme p\u00ebr nj\u00eb zgjidhje afatgjat\u00eb t\u00eb problemit qipriot\u201d, sipas k\u00ebtij teksti.<\/p>\n<p>Turqia sfidon vazhdimisht paralajm\u00ebrimet e Bashkimit Europian dhe t\u00eb SHBA-s\u00eb q\u00eb k\u00ebrkojn\u00eb nd\u00ebrprerjen e shpimeve n\u00eb uj\u00ebrat territoriale t\u00eb Qipros, an\u00ebtare e BE-s\u00eb.<\/p>","protected":false},"excerpt":{"rendered":"<p>Krer\u00ebt grek\u00eb dhe qipriot\u00eb d\u00ebnuan dit\u00ebn e djeshme n\u00eb Athin\u00eb shpimet e jasht\u00ebligjshme turke n\u00eb lindje t\u00eb Mesdheut dhe b\u00ebn\u00eb s\u00ebrish thirrje p\u00ebr bisedime p\u00ebr t\u00eb zgjidhur problemin e vazhduar t\u00eb ndarjes s\u00eb ishullit t\u00eb Qipros. \u201cDy krer\u00ebt shpreh\u00ebn shqet\u00ebsimet e tyre p\u00ebr sa i p\u00ebrket aktiviteteve t\u00eb jasht\u00ebligjshme t\u00eb Turqis\u00eb n\u00eb uj\u00ebrat territoriale qipriote\u201d, [&hellip;]<\/p>\n","protected":false},"author":2013,"featured_media":106205,"comment_status":"open","ping_status":"closed","sticky":false,"template":"","format":"standard","meta":{"footnotes":""},"categories":[241,2],"tags":[],"class_list":{"0":"post-106204","1":"post","2":"type-post","3":"status-publish","4":"format-standard","5":"has-post-thumbnail","7":"category-aktualitet","8":"category-rajoni"},"_links":{"self":[{"href":"https:\/\/zjarr.tv\/en\/wp-json\/wp\/v2\/posts\/106204","targetHints":{"allow":["GET"]}}],"collection":[{"href":"https:\/\/zjarr.tv\/en\/wp-json\/wp\/v2\/posts"}],"about":[{"href":"https:\/\/zjarr.tv\/en\/wp-json\/wp\/v2\/types\/post"}],"author":[{"embeddable":true,"href":"https:\/\/zjarr.tv\/en\/wp-json\/wp\/v2\/users\/2013"}],"replies":[{"embeddable":true,"href":"https:\/\/zjarr.tv\/en\/wp-json\/wp\/v2\/comments?post=106204"}],"version-history":[{"count":0,"href":"https:\/\/zjarr.tv\/en\/wp-json\/wp\/v2\/posts\/106204\/revisions"}],"wp:featuredmedia":[{"embeddable":true,"href":"https:\/\/zjarr.tv\/en\/wp-json\/wp\/v2\/media\/106205"}],"wp:attachment":[{"href":"https:\/\/zjarr.tv\/en\/wp-json\/wp\/v2\/media?parent=106204"}],"wp:term":[{"taxonomy":"category","embeddable":true,"href":"https:\/\/zjarr.tv\/en\/wp-json\/wp\/v2\/categories?post=106204"},{"taxonomy":"post_tag","embeddable":true,"href":"https:\/\/zjarr.tv\/en\/wp-json\/wp\/v2\/tags?post=106204"}],"curies":[{"name":"wp","href":"https:\/\/api.w.org\/{rel}","templated":true}]}}