{"id":106218,"date":"2019-09-11T22:40:12","date_gmt":"2019-09-11T20:40:12","guid":{"rendered":"https:\/\/zjarr.tv\/?p=106218"},"modified":"2019-09-11T16:17:49","modified_gmt":"2019-09-11T14:17:49","slug":"federata-nuk-pranon-doreheqjen-prosinecki-rikthehet-ne-krye-te-bosnje-hercegovines","status":"publish","type":"post","link":"https:\/\/zjarr.tv\/en\/federata-nuk-pranon-doreheqjen-prosinecki-rikthehet-ne-krye-te-bosnje-hercegovines\/","title":{"rendered":"Federata nuk pranon dor\u00ebheqjen, Prosinecki rikthehet n\u00eb krye t\u00eb Bosnje Hercegovin\u00ebs"},"content":{"rendered":"<p>Robert Prosinecki mbetet trajner i komb\u00ebtares s\u00eb Bosnjes.<\/p>\n<p>Pasi dha dor\u00ebheqjen, pas humbjes me Armenin\u00eb t\u00eb diel\u00ebn e kaluar, trajneri kroat b\u00ebri prapa ktheu, duke vendosur t\u00eb q\u00ebndroj\u00eb deri n\u00eb fund t\u00eb faz\u00ebs kualifikuese p\u00ebr Euro 2020.<\/p>\n<p>50-vje\u00e7ari nd\u00ebrroi mendje pasi u bind nga drejtuesit e Federates, t\u00eb cil\u00ebt nuk pranuan vendimin e tij p\u00ebr t\u2019u larguar. Prosinecki deklaroi se do t\u00eb kishte q\u00ebn\u00eb e leht\u00eb t\u00eb largohej, por shum\u00eb persona besojn\u00eb dhe e mb\u00ebshtesin at\u00eb, p\u00ebr k\u00ebt\u00eb arsye ai pranoi t\u00eb q\u00ebndronte.<\/p>\n<p>Kroati pohoi se ardhja e nj\u00eb trajneri t\u00eb ri n\u00eb k\u00ebto momente nuk do t\u00eb kishte efekt pozitiv, nd\u00ebrkoh\u00eb q\u00eb mund\u00ebsia p\u00ebr t\u2019u kualifikuar ekziston dhe p\u00ebr k\u00ebt\u00eb ai theksoi se duhet t\u00eb punojn\u00eb shum\u00eb p\u00ebr ta arritur.<\/p>","protected":false},"excerpt":{"rendered":"<p>Robert Prosinecki mbetet trajner i komb\u00ebtares s\u00eb Bosnjes. Pasi dha dor\u00ebheqjen, pas humbjes me Armenin\u00eb t\u00eb diel\u00ebn e kaluar, trajneri kroat b\u00ebri prapa ktheu, duke vendosur t\u00eb q\u00ebndroj\u00eb deri n\u00eb fund t\u00eb faz\u00ebs kualifikuese p\u00ebr Euro 2020. 50-vje\u00e7ari nd\u00ebrroi mendje pasi u bind nga drejtuesit e Federates, t\u00eb cil\u00ebt nuk pranuan vendimin e tij p\u00ebr [&hellip;]<\/p>\n","protected":false},"author":2013,"featured_media":106219,"comment_status":"open","ping_status":"closed","sticky":false,"template":"","format":"standard","meta":{"footnotes":""},"categories":[241,192],"tags":[],"class_list":{"0":"post-106218","1":"post","2":"type-post","3":"status-publish","4":"format-standard","5":"has-post-thumbnail","7":"category-aktualitet","8":"category-sport"},"_links":{"self":[{"href":"https:\/\/zjarr.tv\/en\/wp-json\/wp\/v2\/posts\/106218","targetHints":{"allow":["GET"]}}],"collection":[{"href":"https:\/\/zjarr.tv\/en\/wp-json\/wp\/v2\/posts"}],"about":[{"href":"https:\/\/zjarr.tv\/en\/wp-json\/wp\/v2\/types\/post"}],"author":[{"embeddable":true,"href":"https:\/\/zjarr.tv\/en\/wp-json\/wp\/v2\/users\/2013"}],"replies":[{"embeddable":true,"href":"https:\/\/zjarr.tv\/en\/wp-json\/wp\/v2\/comments?post=106218"}],"version-history":[{"count":0,"href":"https:\/\/zjarr.tv\/en\/wp-json\/wp\/v2\/posts\/106218\/revisions"}],"wp:featuredmedia":[{"embeddable":true,"href":"https:\/\/zjarr.tv\/en\/wp-json\/wp\/v2\/media\/106219"}],"wp:attachment":[{"href":"https:\/\/zjarr.tv\/en\/wp-json\/wp\/v2\/media?parent=106218"}],"wp:term":[{"taxonomy":"category","embeddable":true,"href":"https:\/\/zjarr.tv\/en\/wp-json\/wp\/v2\/categories?post=106218"},{"taxonomy":"post_tag","embeddable":true,"href":"https:\/\/zjarr.tv\/en\/wp-json\/wp\/v2\/tags?post=106218"}],"curies":[{"name":"wp","href":"https:\/\/api.w.org\/{rel}","templated":true}]}}