{"id":106242,"date":"2019-09-11T16:55:14","date_gmt":"2019-09-11T14:55:14","guid":{"rendered":"https:\/\/zjarr.tv\/?p=106242"},"modified":"2019-09-11T16:55:14","modified_gmt":"2019-09-11T14:55:14","slug":"kreu-i-shish-thirret-ne-komision-deputeti-i-ps-aludohet-qe-jane-te-identifikuar-personat-per-djegien","status":"publish","type":"post","link":"https:\/\/zjarr.tv\/en\/kreu-i-shish-thirret-ne-komision-deputeti-i-ps-aludohet-qe-jane-te-identifikuar-personat-per-djegien\/","title":{"rendered":"Kreu i SHISH thirret n\u00eb Komision, deputeti i PS: Aludohet q\u00eb jan\u00eb t\u00eb identifikuar personat p\u00ebr djegien"},"content":{"rendered":"<p>Deklarata e Presidentit t\u00eb Republik\u00ebs, Ilir Meta n\u00eb Komisionin e Posa\u00e7\u00ebm Hetimor p[\u00ebr shkarkimin e tij se nj\u00eb nga arsyaet ne \u00e7\u2019deretitimit t\u00eb dat\u00ebs s\u00eb zgjedhjeve t\u00eb 30 Qershorit kishte t\u00eb b\u00ebnte me informacionet q\u00eb kishte p\u00ebr djegien e Parlamentit nga segmente t\u00eb caktuara, ka hapur nj\u00eb tjet\u00ebr debat politik q\u00eb ka p\u00ebrfshir\u00eb edhe agjensit\u00eb e siguris\u00eb komb\u00ebtare.<\/p>\n<p>K\u00ebshtu \u00ebsht\u00eb marr\u00eb vendimi q\u00eb Komisioni i Siguris\u00eb t\u00eb ftoj\u00eb n\u00eb nj\u00eb seanc\u00eb d\u00ebgjimore kryetarin e Sh\u00ebrbimit Informativ t\u00eb Shtetit, Helidon Bendo, p\u00ebr t\u00eb dh\u00ebn\u00eb informacione n\u00eb lidhje me deklaratat e Met\u00ebs p\u00ebr djegien e Parlamentit p\u00ebrpra zgjedhjeve t\u00eb 30 Qerrshorit n\u00eb nj\u00ebr\u00ebn nga protestat e thirrura nga opozita e bashkuar.<\/p>\n<p>Gjat\u00eb diskutimeve n\u00eb Komisionin e Siguris\u00eb, deputeti i maxhoranc\u00ebs Xhemal Qefalia, tha se ka aludime q\u00eb jan\u00eb identifikuar personat q\u00eb do t\u00eb nd\u00ebrmerrnin aktin n\u00eb fjal\u00eb duke shfryt\u00ebzuar protest\u00ebn e opozit\u00ebs m\u00eb 8 qershor. Kjo k\u00ebrkes\u00eb ka ngritur diskutime pasi nuk ka gjetur dakord\u00ebsin\u00eb e t\u00eb gjith\u00eb deputet\u00ebve t\u00eb pranish\u00ebm.<\/p>\n<p>Xhemal Qefalia: Duke p\u00ebrfituar nga prezenca e Komisionit, shpreh nj\u00eb shqet\u00ebsim q\u00eb dje e kam ndjekur n\u00eb media nga Presidenti i Republik\u00ebs s\u00eb Shqip\u00ebris\u00eb, i cili ka sjell\u00eb n\u00eb v\u00ebmendje t\u00eb Komisionit Hetimor, por edhe t\u00eb opinionit publik nj\u00eb informacion p\u00ebr djegien e Kuvendit nga persona t\u00eb ve\u00e7ant\u00eb. Bashk\u00eb me kolegun Vorpsi, i kemi p\u00ebrgatitur kryetarit t\u00eb Sh\u00ebrbimit Informativ Shtet\u00ebror nj\u00eb k\u00ebrkes\u00eb p\u00ebr t\u00eb na informuar rreth k\u00ebtij informacioni q\u00eb disponon Presidenti.<\/p>\n<p>Ka qen\u00eb deputeti deputeti Adnor Shameti, ai i cili, sugjeroi q\u00eb Bendo t\u00eb ftohet pas p\u00ebrfundimit t\u00eb pun\u00ebs s\u00eb Komisionit Hetimor, pasi kjo mund t\u00eb krijoj\u00eb mbivendosje pune.<\/p>\n<p>Adnor Shameti: Duke qen\u00eb se un\u00eb jam edhe an\u00ebtar i Komisionit Hetimor, duke qen\u00eb se \u00ebsht\u00eb Komisioni i Posa\u00e7\u00ebm Hetimor, i ngritur p\u00ebr k\u00ebt\u00eb pun\u00eb, nuk dua q\u00eb t\u00eb ket\u00eb mbivendosje t\u00eb ushtrimit t\u00eb kompetencave t\u00eb t\u00eb drejtave nga Komisioni Hetimor te Komisioni i Siguris\u00eb. N\u00eb p\u00ebrfundim t\u00eb veprimtaris\u00eb s\u00eb Komisionit Hetimor, n\u00ebse ngelet di\u00e7ka pa u sqaruar, s\u00ebrish mund ta ushtroni k\u00ebt\u00eb t\u00eb drejt\u00eb. K\u00ebshtu q\u00eb un\u00eb do t\u00eb rekomandoja q\u00eb t\u00eb mos kemi mbivendosje t\u00eb pun\u00ebve t\u00eb Komisionit Hetimor me Komisionin e Siguris\u00eb. Ju siguroj q\u00eb do t\u00eb gjejn\u00eb mb\u00ebshtetje t\u00eb gjitha shqet\u00ebsimet tuaja.<\/p>\n<p>Xhemal Qefalia: T\u00eb jeni t\u00eb bindur se nuk do t\u2019ia marrim fare kompetencat Komisionit Hetimor. K\u00ebshtu q\u00eb un\u00eb do t\u00eb vazhdoj bashk\u00eb me kolegun Sadi Vorpsin t\u00eb ushtroj t\u00eb drejt\u00ebn p\u00ebr t\u2019i k\u00ebrkuar informacione SHISH. Un\u00eb njoftova q\u00eb t\u00eb ishte n\u00eb interes edhe p\u00ebr juve si pjes\u00ebtar, por dhe t\u00eb drejt\u00ebn time. Komisioni Hetimor nuk ka lidhje fare me Komisionin e Siguris\u00eb. Un\u00eb jam i shqet\u00ebsuar dhe besoj se edhe juve duhet t\u00eb jeni t\u00eb shqet\u00ebsuar q\u00eb qarkullojn\u00eb informacione p\u00ebr njer\u00ebz t\u00eb ve\u00e7ant\u00eb. Madje aludohet q\u00eb jan\u00eb edhe t\u00eb identifikuar dhe jam i interesuar se \u00e7far\u00eb po b\u00ebjn\u00eb.<\/p>\n<p>Nd\u00ebrkoh\u00eb diskutimeve i \u00ebsht\u00eb shtuar edhe q\u00ebndrimi i deputetes socialiste, Elena Xhina e cila sqaroi se ligj\u00ebrisht nuk ka asnj\u00eb penges\u00eb nga Komisioni Hetimor q\u00eb t\u00eb thirret shefi i SHISH, Helidon Bendo n\u00eb Komisionin e Siguris\u00eb.<\/p>\n<p>Elena Xhina: Nga ana ligjore nuk ka asnj\u00eb mbivendosje. Me sa kuptoj, k\u00ebrkesa e deputetit Qefalia nuk ka lidhje me veprimtarin\u00eb e Komisionit Hetimor, por ka lidhje me nj\u00eb t\u00eb dh\u00ebn\u00eb q\u00eb \u00ebsht\u00eb publikuar n\u00eb media<\/p>","protected":false},"excerpt":{"rendered":"<p>Deklarata e Presidentit t\u00eb Republik\u00ebs, Ilir Meta n\u00eb Komisionin e Posa\u00e7\u00ebm Hetimor p[\u00ebr shkarkimin e tij se nj\u00eb nga arsyaet ne \u00e7\u2019deretitimit t\u00eb dat\u00ebs s\u00eb zgjedhjeve t\u00eb 30 Qershorit kishte t\u00eb b\u00ebnte me informacionet q\u00eb kishte p\u00ebr djegien e Parlamentit nga segmente t\u00eb caktuara, ka hapur nj\u00eb tjet\u00ebr debat politik q\u00eb ka p\u00ebrfshir\u00eb edhe agjensit\u00eb [&hellip;]<\/p>\n","protected":false},"author":2013,"featured_media":106245,"comment_status":"open","ping_status":"closed","sticky":false,"template":"","format":"standard","meta":{"footnotes":""},"categories":[241,235],"tags":[],"class_list":{"0":"post-106242","1":"post","2":"type-post","3":"status-publish","4":"format-standard","5":"has-post-thumbnail","7":"category-aktualitet","8":"category-vendi"},"_links":{"self":[{"href":"https:\/\/zjarr.tv\/en\/wp-json\/wp\/v2\/posts\/106242","targetHints":{"allow":["GET"]}}],"collection":[{"href":"https:\/\/zjarr.tv\/en\/wp-json\/wp\/v2\/posts"}],"about":[{"href":"https:\/\/zjarr.tv\/en\/wp-json\/wp\/v2\/types\/post"}],"author":[{"embeddable":true,"href":"https:\/\/zjarr.tv\/en\/wp-json\/wp\/v2\/users\/2013"}],"replies":[{"embeddable":true,"href":"https:\/\/zjarr.tv\/en\/wp-json\/wp\/v2\/comments?post=106242"}],"version-history":[{"count":0,"href":"https:\/\/zjarr.tv\/en\/wp-json\/wp\/v2\/posts\/106242\/revisions"}],"wp:featuredmedia":[{"embeddable":true,"href":"https:\/\/zjarr.tv\/en\/wp-json\/wp\/v2\/media\/106245"}],"wp:attachment":[{"href":"https:\/\/zjarr.tv\/en\/wp-json\/wp\/v2\/media?parent=106242"}],"wp:term":[{"taxonomy":"category","embeddable":true,"href":"https:\/\/zjarr.tv\/en\/wp-json\/wp\/v2\/categories?post=106242"},{"taxonomy":"post_tag","embeddable":true,"href":"https:\/\/zjarr.tv\/en\/wp-json\/wp\/v2\/tags?post=106242"}],"curies":[{"name":"wp","href":"https:\/\/api.w.org\/{rel}","templated":true}]}}