{"id":106262,"date":"2019-09-12T11:25:08","date_gmt":"2019-09-12T09:25:08","guid":{"rendered":"https:\/\/zjarr.tv\/?p=106262"},"modified":"2019-09-12T11:25:08","modified_gmt":"2019-09-12T09:25:08","slug":"gjoni-hidhuni-pupthi-ska-marreveshje-pa-ne","status":"publish","type":"post","link":"https:\/\/zjarr.tv\/en\/gjoni-hidhuni-pupthi-ska-marreveshje-pa-ne\/","title":{"rendered":"Gjoni: Hidhuni pupthi, s&#8217;ka marr\u00ebveshje pa ne"},"content":{"rendered":"<p>Deputeti i opozit\u00ebs Ralf Gjoni gjat\u00eb fjal\u00ebs s\u00eb tij n\u00eb foltoren e Kuvendit \u00ebsht\u00eb shprehur se pa vot\u00ebn e tyre n\u00eb Parlament nuk do ket\u00eb &#8216;diell&#8217; p\u00ebr ndryshimin e sistemit zgjedhor.<\/p>\n<p>Gjoni tha se mazhoranca fshihet pas &#8220;fustaneve&#8221; t\u00eb rekomandimeve t\u00eb OSBE\/ODHIR dhe se nuk ka treguar asnj\u00eb vullnet p\u00ebr nj\u00eb reform\u00eb gjith\u00ebp\u00ebrfshir\u00ebse dhe t\u00ebr\u00ebsore zgjedhore.<\/p>\n<p>Nd\u00ebrkoh\u00eb shtoi se opozita jasht\u00eb Parlamentit shpreson p\u00ebr nj\u00eb histori dashuri\u00e7ke me kryeministrin Edi Rama.<\/p>\n<p><strong>Ralf Gjoni:\u00a0<\/strong><em>&#8220;Prezenca jon\u00eb k\u00ebtu e din\u00eb gjith\u00eb shqiptar\u00ebt q\u00eb mban k\u00ebt\u00eb maxhoranc\u00eb k\u00ebtu n\u00eb k\u00ebmb\u00eb. Ju e dini dhe ne e dim\u00eb k\u00ebt\u00eb. Presidenti \u00ebsht\u00eb krenar sepse e paska shp\u00ebtuar Kuvendin nga djegia dhe ka evituar luft\u00eb civile.\u00a0<\/em><\/p>\n<p><em>Kryeministri \u00ebsht\u00eb krenar se po flirton me PD n\u00eb rrug\u00eb dhe \u00ebsht\u00eb pran\u00eb nj\u00eb pazari, sipas fjal\u00ebve q\u00eb po qarkullojn\u00eb zoti Balla. Ne k\u00ebtu nuk jemi krenar\u00eb sepse nga momenti q\u00eb \u00ebsht\u00eb ngritur komisioni p\u00ebr reform\u00ebs zgjedhore dhe ne arrit\u00ebm q\u00eb t\u00eb ndryshonim objektin e k\u00ebtij Komisioni duke futur p\u00ebrtej rekomandimeve t\u00eb OSBE ODIHR edhe hapjen e debatit komb\u00ebtar p\u00ebr ndryshimet sistemit zgjedhor p\u00ebrfshir\u00eb k\u00ebtu ndryshimet e nevojshme kushtetuese nuk \u00ebsht\u00eb b\u00ebr\u00eb asgj\u00eb n\u00eb k\u00ebt\u00eb komision. Mazhoranca socialiste nuk ka treguar asnj\u00eb vullnet p\u00ebr nj\u00eb reform\u00eb gjith\u00ebp\u00ebrfshir\u00ebse dhe t\u00ebr\u00ebsore zgjedhore.\u00a0<\/em><\/p>\n<p><em>Mazhoranca socialiste fshihet pas fustaneve t\u00eb rekomandimeve t\u00eb OSBE\/ODHIR duke e etiketuar at\u00eb si gjoja reforma zgjedhore. Zoti Balla ju d\u00ebgjova me kujdes seanc\u00ebn e kaluar. Reforma zgjedhore n\u00eb objektin e komisionit nuk konsiston vet\u00ebm n\u00eb adresimin e rekomandimeve t\u00eb OSBE\/ODHIR, konsiston n\u00eb reformimin e sistemit zgjedhor, ku p\u00ebrfshihet edhe ndryshimi kushtetues. Tani m\u00eb lejoni t&#8217;ju qart\u00ebsoj nja dy tre gj\u00ebra si juve n\u00eb Parlament dhe atyre n\u00eb rrug\u00eb q\u00eb shpresojn\u00eb n\u00eb nj\u00eb histori dashuri\u00e7ke me Edi Ram\u00ebn. \u00a0\u00a0<\/em><\/p>\n<p><em>Dhe sidomos ata n\u00eb rrug\u00eb ta ken\u00eb t\u00eb qart\u00eb si PD dhe LSI, nuk ka diell me k\u00ebt\u00eb mazhoranc\u00eb p\u00ebr ndryshimin e sistemit zgjedhor pa vot\u00ebn ton\u00eb k\u00ebtu n\u00eb Parlament. Ta ken\u00eb t\u00eb qart\u00eb t\u00eb gjith\u00eb, t\u00eb hidheni pupthi ju dhe ata n\u00eb rrug\u00eb.&#8221;<\/em><\/p>","protected":false},"excerpt":{"rendered":"<p>Deputeti i opozit\u00ebs Ralf Gjoni gjat\u00eb fjal\u00ebs s\u00eb tij n\u00eb foltoren e Kuvendit \u00ebsht\u00eb shprehur se pa vot\u00ebn e tyre n\u00eb Parlament nuk do ket\u00eb &#8216;diell&#8217; p\u00ebr ndryshimin e sistemit zgjedhor. Gjoni tha se mazhoranca fshihet pas &#8220;fustaneve&#8221; t\u00eb rekomandimeve t\u00eb OSBE\/ODHIR dhe se nuk ka treguar asnj\u00eb vullnet p\u00ebr nj\u00eb reform\u00eb gjith\u00ebp\u00ebrfshir\u00ebse dhe t\u00ebr\u00ebsore [&hellip;]<\/p>\n","protected":false},"author":4,"featured_media":89745,"comment_status":"open","ping_status":"closed","sticky":false,"template":"","format":"standard","meta":{"footnotes":""},"categories":[241,231,235],"tags":[],"class_list":{"0":"post-106262","1":"post","2":"type-post","3":"status-publish","4":"format-standard","5":"has-post-thumbnail","7":"category-aktualitet","8":"category-lajme","9":"category-vendi"},"_links":{"self":[{"href":"https:\/\/zjarr.tv\/en\/wp-json\/wp\/v2\/posts\/106262","targetHints":{"allow":["GET"]}}],"collection":[{"href":"https:\/\/zjarr.tv\/en\/wp-json\/wp\/v2\/posts"}],"about":[{"href":"https:\/\/zjarr.tv\/en\/wp-json\/wp\/v2\/types\/post"}],"author":[{"embeddable":true,"href":"https:\/\/zjarr.tv\/en\/wp-json\/wp\/v2\/users\/4"}],"replies":[{"embeddable":true,"href":"https:\/\/zjarr.tv\/en\/wp-json\/wp\/v2\/comments?post=106262"}],"version-history":[{"count":0,"href":"https:\/\/zjarr.tv\/en\/wp-json\/wp\/v2\/posts\/106262\/revisions"}],"wp:featuredmedia":[{"embeddable":true,"href":"https:\/\/zjarr.tv\/en\/wp-json\/wp\/v2\/media\/89745"}],"wp:attachment":[{"href":"https:\/\/zjarr.tv\/en\/wp-json\/wp\/v2\/media?parent=106262"}],"wp:term":[{"taxonomy":"category","embeddable":true,"href":"https:\/\/zjarr.tv\/en\/wp-json\/wp\/v2\/categories?post=106262"},{"taxonomy":"post_tag","embeddable":true,"href":"https:\/\/zjarr.tv\/en\/wp-json\/wp\/v2\/tags?post=106262"}],"curies":[{"name":"wp","href":"https:\/\/api.w.org\/{rel}","templated":true}]}}