{"id":106266,"date":"2019-09-12T11:36:58","date_gmt":"2019-09-12T09:36:58","guid":{"rendered":"https:\/\/zjarr.tv\/?p=106266"},"modified":"2019-09-12T11:36:58","modified_gmt":"2019-09-12T09:36:58","slug":"sot-21-vite-pa-azem-hajdarin-homazhet-bejne-bashke-bashen-me-rudinen","status":"publish","type":"post","link":"https:\/\/zjarr.tv\/en\/sot-21-vite-pa-azem-hajdarin-homazhet-bejne-bashke-bashen-me-rudinen\/","title":{"rendered":"Sot, 21 vite pa Azem Hajdarin, homazhet b\u00ebjn\u00eb bashk\u00eb Bash\u00ebn me Rudin\u00ebn"},"content":{"rendered":"<p>Sot p\u00ebrkujtohet 21 vjetori i vrasjes s\u00eb Heroit t\u00eb Demokracis\u00eb Azem Hajdari.<\/p>\n<p>Dit\u00ebn e homazheve e nisi Presidenti i Republik\u00ebs, Ilir Meta, duke vendosur nj\u00eb kuror\u00eb me lule tek memoriali i tij n\u00eb rrug\u00ebn \u201cAbdi Toptani\u201d n\u00eb kryeqytet.<\/p>\n<p>M\u00eb pas ishte kryetari i PD-s\u00eb, Lulzim Basha, ish kryeministri Sali Berisha, bashk\u00ebshortja e Azem Hajdarit dhe f\u00ebmij\u00ebt e tij q\u00eb b\u00ebn\u00eb homazhe para bustit.<\/p>\n<p>Duke folur p\u00ebr mediat, Basha tha se amaneti dhe sakrifica e Azem Hajdarit jan\u00eb p\u00ebrjet\u00eb shembull frym\u00ebzimi p\u00ebr t\u00eb \u00e7uar deri n\u00eb fund idealin e nj\u00eb Shqip\u00ebrie europiane, demokratike, ku qytetar\u00ebt jan\u00eb zot t\u00eb fateve t\u00eb tyre, nj\u00eb politik\u00eb t\u00eb ndar\u00eb nga krimi.<\/p>\n<p><em>&#8220;Krimenel\u00ebt t\u00eb jen\u00eb para drejt\u00ebsis\u00eb dhe prapa hekurave dhe fatet e njer\u00ebzve t\u00eb merren me p\u00ebrgjegj\u00ebsi t\u00eb plot\u00eb nga ata q\u00eb shqiptar\u00ebt i gjykojn\u00eb me vot\u00eb t\u00eb lir\u00eb dhe t\u00eb ndershme si m\u00eb t\u00eb mir\u00ebt dhe m\u00eb t\u00eb aft\u00ebt p\u00ebr t\u00eb marr\u00eb barr\u00ebn e p\u00ebrgjegj\u00ebsive dhe p\u00ebr ta \u00e7uar drejt finalizimit me sukses&#8221;.<\/em><\/p>\n<p>Basha n\u00ebnvizoi se n\u00eb k\u00ebt\u00eb 21 vjetor t\u00eb vrasjes s\u00eb Azemit akoma \u00ebsht\u00eb e hapur plaga e hapur me 12 shtator 1998.<\/p>\n<p><em>&#8220;Krimi vazhdon t\u00eb ket\u00eb uniform\u00ebn, mbrojtjen dhe postet shtet\u00ebrore. Shqiptar\u00ebt vazhdojn\u00eb t\u00eb vuajn\u00eb ekonomikisht dhe t\u00eb k\u00ebrkojn\u00eb shp\u00ebtim rrug\u00ebve t\u00eb vot\u00ebs p\u00ebr shkak t\u00eb nj\u00eb pushteti q\u00eb nuk buron nga vota, por nga krimi dhe korrupsioni&#8221;.<\/em><\/p>\n<p>E sotmja, tha Basha, \u00ebsht\u00eb dhe nj\u00eb thirrje p\u00ebr bashkim mes gjith\u00eb shqiptar\u00ebve t\u00eb ndersh\u00ebm q\u00eb nuk mund ta pranojn\u00eb politik\u00ebn e lidhur me krimin dhe vjedhjen me ligj.<\/p>\n<p>N\u00eb homazhe ishte dhe ish-ministrja e Mbrojtjes. Mimi Kodheli.<\/p>\n<p>Azem Hajdari u vra m\u00eb 12 shtator 1998 s\u00eb bashku me shoq\u00ebruesin e tij Besim \u00c7erja.<\/p>\n<p>Priten dhe personalitete t\u00eb tjera t\u00eb b\u00ebjn\u00eb nderime pran\u00eb k\u00ebtij memoriali.<\/p>","protected":false},"excerpt":{"rendered":"<p>Sot p\u00ebrkujtohet 21 vjetori i vrasjes s\u00eb Heroit t\u00eb Demokracis\u00eb Azem Hajdari. Dit\u00ebn e homazheve e nisi Presidenti i Republik\u00ebs, Ilir Meta, duke vendosur nj\u00eb kuror\u00eb me lule tek memoriali i tij n\u00eb rrug\u00ebn \u201cAbdi Toptani\u201d n\u00eb kryeqytet. M\u00eb pas ishte kryetari i PD-s\u00eb, Lulzim Basha, ish kryeministri Sali Berisha, bashk\u00ebshortja e Azem Hajdarit dhe [&hellip;]<\/p>\n","protected":false},"author":4,"featured_media":106267,"comment_status":"open","ping_status":"closed","sticky":false,"template":"","format":"standard","meta":{"footnotes":""},"categories":[241,231,235],"tags":[],"class_list":{"0":"post-106266","1":"post","2":"type-post","3":"status-publish","4":"format-standard","5":"has-post-thumbnail","7":"category-aktualitet","8":"category-lajme","9":"category-vendi"},"_links":{"self":[{"href":"https:\/\/zjarr.tv\/en\/wp-json\/wp\/v2\/posts\/106266","targetHints":{"allow":["GET"]}}],"collection":[{"href":"https:\/\/zjarr.tv\/en\/wp-json\/wp\/v2\/posts"}],"about":[{"href":"https:\/\/zjarr.tv\/en\/wp-json\/wp\/v2\/types\/post"}],"author":[{"embeddable":true,"href":"https:\/\/zjarr.tv\/en\/wp-json\/wp\/v2\/users\/4"}],"replies":[{"embeddable":true,"href":"https:\/\/zjarr.tv\/en\/wp-json\/wp\/v2\/comments?post=106266"}],"version-history":[{"count":0,"href":"https:\/\/zjarr.tv\/en\/wp-json\/wp\/v2\/posts\/106266\/revisions"}],"wp:featuredmedia":[{"embeddable":true,"href":"https:\/\/zjarr.tv\/en\/wp-json\/wp\/v2\/media\/106267"}],"wp:attachment":[{"href":"https:\/\/zjarr.tv\/en\/wp-json\/wp\/v2\/media?parent=106266"}],"wp:term":[{"taxonomy":"category","embeddable":true,"href":"https:\/\/zjarr.tv\/en\/wp-json\/wp\/v2\/categories?post=106266"},{"taxonomy":"post_tag","embeddable":true,"href":"https:\/\/zjarr.tv\/en\/wp-json\/wp\/v2\/tags?post=106266"}],"curies":[{"name":"wp","href":"https:\/\/api.w.org\/{rel}","templated":true}]}}