{"id":106269,"date":"2019-09-12T11:56:00","date_gmt":"2019-09-12T09:56:00","guid":{"rendered":"https:\/\/zjarr.tv\/?p=106269"},"modified":"2019-09-12T11:56:00","modified_gmt":"2019-09-12T09:56:00","slug":"raporti-i-sigurise-kombetare-po-mbahet-sekret-presidenca-sqaron-kemi-kerkuar-qe","status":"publish","type":"post","link":"https:\/\/zjarr.tv\/en\/raporti-i-sigurise-kombetare-po-mbahet-sekret-presidenca-sqaron-kemi-kerkuar-qe\/","title":{"rendered":"Raporti i Siguris\u00eb Komb\u00ebtare po mbahet sekret? Presidenca sqaron: Kemi k\u00ebrkuar q\u00eb\u2026"},"content":{"rendered":"<p>Presidenca sqaron edhe nj\u00ebher\u00eb deklaratat e Presidentit t\u00eb Republik\u00ebs Ilir Meta p\u00ebr raportin e Siguris\u00eb Komb\u00ebtare q\u00eb mbante informacione p\u00ebr djegien e parlamentit m\u00eb 8 qershor.<\/p>\n<p><strong>Reagim i Z\u00ebdh\u00ebn\u00ebsit t\u00eb Presidentit t\u00eb Republik\u00ebs, z.Tedi Blushi<\/strong><\/p>\n<p>Me p\u00ebrgjegj\u00ebsi maksimale, dua t\u00eb rikonfirmoj vendosm\u00ebrin\u00eb e Presidentit t\u00eb Republik\u00ebs, Sh.T.Z Ilir Meta, t\u00eb shprehur shum\u00eb qart\u00eb dje p\u00ebr t\u00eb gjitha mediat dhe p\u00ebr mbar\u00eb opinionin publik, p\u00ebr t\u00eb ushtruar t\u00eb gjitha kompetencat e tij kushtetuese, si nj\u00eb PRESIDENT I SHTETIT T\u00cb S\u00cb DREJT\u00cbS.<\/p>\n<p>Me keqardhje, por pa \u00e7udi, portale dhe gazeta t\u00eb SHTETIT T\u00cb PROPAGAND\u00cbS DHE PPP-ve, me kok\u00ebfort\u00ebsi t\u00eb shpjegueshme, vazhdojn\u00eb ende t\u00eb dezinformojn\u00eb opinionin publik me lajmin e rrem\u00eb, sikur Presidenti Meta po mban sekret raportin e prodhuar nga institucioni i lart\u00eb i siguris\u00eb komb\u00ebtare, q\u00eb paralajm\u00ebronte rrezikun e djegies s\u00eb Parlamentit n\u00eb dat\u00ebn 8 qershor 2019.<\/p>\n<p>Sikund\u00ebr Kreu i Shtetit e sqaroi edhe dje shum\u00eb qart\u00eb, jam i detyruar t\u00eb rikonfirmoj se:<br \/>\nDit\u00ebn e djeshme, Institucioni i Presidentit i ka nisur nj\u00eb k\u00ebrkes\u00eb institucionit t\u00eb lart\u00eb t\u00eb siguris\u00eb komb\u00ebtare, q\u00eb mb\u00ebshtetur mbi ligj, t\u2019i ver\u00eb n\u00eb dispozion edhe Kuvendit, raportin q\u00eb i ka dor\u00ebzuar Presidentit n\u00eb dat\u00ebn 7 qershor 2019.<\/p>\n<p>Po dje, Institucioni i Kreut t\u00eb Shtetit i ka d\u00ebrguar nj\u00eb let\u00ebr zyrtare edhe Kuvendit, ku e v\u00eb n\u00eb dijeni lidhur me k\u00ebrkes\u00ebn e m\u00ebsip\u00ebrme.<br \/>\nPo k\u00ebshtu, ekipi i K\u00ebshillit t\u00eb Siguris\u00eb s\u00eb Presidentit Meta, i kryesuar nga K\u00ebshilltari p\u00ebr Sigurin\u00eb Komb\u00ebtare, z.Bahri Shaqiri \u00ebsht\u00eb gati t\u00eb bashk\u00ebpunoj\u00eb n\u00eb \u00e7do koh\u00eb dhe me \u00e7do institucion shtet\u00ebror p\u00ebr k\u00ebt\u00eb \u00e7\u00ebshtje, t\u00eb ndaj\u00eb dhe t\u00eb vendos\u00eb n\u00eb dispozicion t\u00eb gjitha informacionet, faktet apo edhe provat shkresore, filmike, audio dhe fotografike, q\u00eb disponon.<\/p>\n<p>Uroj q\u00eb ky sqarim publik t\u00eb lexohet drejt dhe t\u00eb mos shtremb\u00ebrohet s\u00ebrish n\u00eb \u201cp\u00ebrkthimin\u201d shqip-shqip q\u00eb b\u00ebjn\u00eb n\u00eb t\u00eb tilla raste portalet dhe gazetat e SHTETIT T\u00cb PROPAGAND\u00cbS DHE PPP-ve.<\/p>\n<div id=\"sovrn\" class=\"desktop_ad ad_bottom_space\"><ins><\/p>\n<div id=\"beacon_f3051b47bd\"><img loading=\"lazy\" decoding=\"async\" src=\"https:\/\/ads.balkanweb.com\/www\/delivery\/lg.php?bannerid=0&amp;campaignid=0&amp;zoneid=426&amp;loc=https%3A%2F%2Fbalkanweb.com%2Fraporti-i-sigurise-kombetare-po-mbahet-sekret-presidenca-sqaron-kemi-kerkuar-qe%2F&amp;referer=https%3A%2F%2Fbalkanweb.com%2F&amp;cb=f3051b47bd\" alt=\"\" width=\"0\" height=\"0\" \/><\/div>\n<p><\/ins><\/div>","protected":false},"excerpt":{"rendered":"<p>Presidenca sqaron edhe nj\u00ebher\u00eb deklaratat e Presidentit t\u00eb Republik\u00ebs Ilir Meta p\u00ebr raportin e Siguris\u00eb Komb\u00ebtare q\u00eb mbante informacione p\u00ebr djegien e parlamentit m\u00eb 8 qershor. Reagim i Z\u00ebdh\u00ebn\u00ebsit t\u00eb Presidentit t\u00eb Republik\u00ebs, z.Tedi Blushi Me p\u00ebrgjegj\u00ebsi maksimale, dua t\u00eb rikonfirmoj vendosm\u00ebrin\u00eb e Presidentit t\u00eb Republik\u00ebs, Sh.T.Z Ilir Meta, t\u00eb shprehur shum\u00eb qart\u00eb dje p\u00ebr [&hellip;]<\/p>\n","protected":false},"author":4,"featured_media":99676,"comment_status":"open","ping_status":"closed","sticky":false,"template":"","format":"standard","meta":{"footnotes":""},"categories":[241,231,235],"tags":[],"class_list":{"0":"post-106269","1":"post","2":"type-post","3":"status-publish","4":"format-standard","5":"has-post-thumbnail","7":"category-aktualitet","8":"category-lajme","9":"category-vendi"},"_links":{"self":[{"href":"https:\/\/zjarr.tv\/en\/wp-json\/wp\/v2\/posts\/106269","targetHints":{"allow":["GET"]}}],"collection":[{"href":"https:\/\/zjarr.tv\/en\/wp-json\/wp\/v2\/posts"}],"about":[{"href":"https:\/\/zjarr.tv\/en\/wp-json\/wp\/v2\/types\/post"}],"author":[{"embeddable":true,"href":"https:\/\/zjarr.tv\/en\/wp-json\/wp\/v2\/users\/4"}],"replies":[{"embeddable":true,"href":"https:\/\/zjarr.tv\/en\/wp-json\/wp\/v2\/comments?post=106269"}],"version-history":[{"count":0,"href":"https:\/\/zjarr.tv\/en\/wp-json\/wp\/v2\/posts\/106269\/revisions"}],"wp:featuredmedia":[{"embeddable":true,"href":"https:\/\/zjarr.tv\/en\/wp-json\/wp\/v2\/media\/99676"}],"wp:attachment":[{"href":"https:\/\/zjarr.tv\/en\/wp-json\/wp\/v2\/media?parent=106269"}],"wp:term":[{"taxonomy":"category","embeddable":true,"href":"https:\/\/zjarr.tv\/en\/wp-json\/wp\/v2\/categories?post=106269"},{"taxonomy":"post_tag","embeddable":true,"href":"https:\/\/zjarr.tv\/en\/wp-json\/wp\/v2\/tags?post=106269"}],"curies":[{"name":"wp","href":"https:\/\/api.w.org\/{rel}","templated":true}]}}