{"id":106271,"date":"2019-09-12T13:31:13","date_gmt":"2019-09-12T11:31:13","guid":{"rendered":"https:\/\/zjarr.tv\/?p=106271"},"modified":"2019-09-12T13:31:13","modified_gmt":"2019-09-12T11:31:13","slug":"burri-i-ministres-e-rames-dhunon-ne-tv-zyrtarin-e-vetevendosjes","status":"publish","type":"post","link":"https:\/\/zjarr.tv\/en\/burri-i-ministres-e-rames-dhunon-ne-tv-zyrtarin-e-vetevendosjes\/","title":{"rendered":"Burri i ministres e Ram\u00ebs, dhunon n\u00eb TV zyrtarin e Vet\u00ebvendosjes."},"content":{"rendered":"<p>Bashk\u00ebshorti i ministres s\u00eb Arsimit Besa Shahini, Dardan Molliqaj, ka dhunuar fizikisht dje n\u00eb mbr\u00ebmje zyrtarin e L\u00ebvizjes Vet\u00ebvendosje, Haki Abazi. T\u00eb dy kandidat\u00ebt p\u00ebr deputet\u00eb ishin t\u00eb ftuar n\u00eb emisionin \u201cPressing\u201d. Gjat\u00eb emisionit situata mes tyre u tensionua disa her\u00eb, dhe mesa duket ka arritur kulmin prapa kamerave.<\/p>\n<p>\u201cKam qen\u00eb duke dal nga korridori i televizionit dhe Dardani me shoq\u00ebruesin e tij erdh\u00ebn p\u00ebrmbrapa dhe u kacafyt\u00ebm dhe donin t\u00eb m\u00eb godisnin. Ka hyr\u00eb Rexhep Hoti dhe m\u00eb pas ndodhi nj\u00eb situat\u00eb e pak\u00ebndshme (kapje prej fyti). M\u00eb pas m\u00eb goditi n\u00eb k\u00ebmb\u00eb. Ishte nj\u00eb situat\u00eb jo e mir\u00eb\u201d, -ka th\u00ebn\u00eb Abazi.<\/p>\n<p>Incidentin e ka konfirmuar edhe drejtuesi i emisionit \u201cPressing\u201d, Leonard K\u00ebrquki. P\u00ebr shkak t\u00eb k\u00ebtij incidenti, ai tha se nuk do t\u00eb mund ta vazhdoj\u00eb emisionin.<\/p>\n<div class=\"in-artile-read-more\">\u201cE kishim planifikuar ta vazhdonim pjes\u00ebn e dyt\u00eb t\u00eb emisionit me dy analist\u00ebt, Jusuf Tha\u00e7i dhe Rron Gjinov\u00e7it, n\u00eb fakt gjat\u00eb nd\u00ebrprerjes t\u00eb shkurt\u00ebr prej 2-3 minutave ka ndodhur nj\u00eb incident fizik. Z. Haki Abazi thot\u00eb se \u00ebsht\u00eb sulmuar prej Dardan Molliqajt dhe prej shoq\u00ebruesit t\u00eb tij, meqen\u00ebse nuk mund\u00ebm t\u00eb flasim me Dardanin na mbet\u00ebt q\u00eb t\u00eb themi k\u00ebt\u00eb dhe t\u00eb insistojm\u00eb q\u00eb t\u2019i shikojm\u00eb in\u00e7izimet, video e kamerave t\u00eb siguris\u00eb p\u00ebr t\u00eb par\u00eb se \u00e7far\u00eb ka ndodhur. M\u00eb vjen keq p\u00ebr k\u00ebt\u00eb q\u00eb ka ndodhur, nuk ka qen\u00eb asnj\u00ebher\u00eb q\u00ebllimi i k\u00ebtij emisioni q\u00eb t\u00eb vijn\u00eb deri n\u00eb k\u00ebto situata t\u00eb tilla\u201d, ka th\u00ebn\u00eb K\u00ebrquki.<\/div>\n<div id=\"rekl-13\">\n<div id=\"__sap-ad-15\" class=\"__sap-ads __sap-html tracked\" data-title=\"Credins desktop 08\"><\/div>\n<\/div>\n<p>Nd\u00ebrsa kandidati p\u00ebr deputet nga koalicioni PSD-AAK, Dardan Molliqaj, e ka mohuar t\u00eb ket\u00eb ndodhur ndonj\u00eb p\u00ebrleshje fizike jasht\u00eb studios.<\/p>\n<p>\u201cAsgj\u00eb nuk ndodhi jasht\u00eb studios, p\u00ebrve\u00e7 nj\u00eb debati me pak tensione q\u00eb ishte vazhdim\u00ebsi e debatit publik. Un\u00eb nuk i kam problem debatet televizive dhe ndjehem shum\u00eb komod t\u2019i mbroj bindjet e mia. Nuk fshihem asnj\u00ebher\u00eb. Secilin veprim timin politik jam n\u00eb gjendje ta arsyetoj deri n\u00eb fund. Nuk e kam problem asnj\u00eb akuz\u00eb e sulm p\u00ebr veprimet e mia politike. Ankesa e vajtimet nuk mund t\u2019i fshehin humbjet n\u00eb nivel argumentesh n\u00ebp\u00ebr debate televizive\u201d,\u00a0ka deklaruar Molliqaj.<\/p>\n<p>Nd\u00ebrkoh\u00eb gazeta Express ka b\u00ebr\u00eb publike detaje rreth arsyes se si ka nisur sherri mes dy kandidat\u00ebve p\u00ebr deputet\u00eb.<\/p>\n<p>\u201cVe\u00e7 nj\u00eb batut\u00eb po e lshoj, qysh ja ka nis Hakia me m\u00eb p\u00ebrmen shpesh, tutna edhe and\u00ebrr don me m\u2019pa sonte\u201d,\u00a0tha Molliqaj.<\/p>\n<p>Kurse Haki Abazi ia ktheu, duke i th\u00ebn\u00eb se \u201cty as gruaja jote nuk t\u00eb sheh n\u00eb \u00ebnd\u00ebrr\u201d.<\/p>\n<p>\u201cE mira q\u00eb ti s\u2019je i vetmi Dardan, ty nuk t\u00eb shoh n\u00eb and\u00ebrr kurr\u00eb, ty as gruaja jote nuk t\u00eb sheh n\u00eb and\u00ebrr\u201d, i tha Abazi.<\/p>\n<p>Abazi iu drejtua Molliqajt duke i th\u00ebn\u00eb q\u00eb t\u00eb mos e th\u00ebrras\u00eb Hakia, pasi \u00ebsht\u00eb gjini fem\u00ebrore, por ta th\u00ebrras\u00eb Hakiu.<\/p>\n<p>Kurse Dardan Molliqaj ia ktheu duke i th\u00ebn\u00eb se\u00a0\u201cedhe dukesh pak si fem\u00ebr\u201d.<\/p>\n<p>Pas k\u00ebsaj tensionet u rrit\u00ebn edhe m\u00eb tej, ku dy t\u00eb ftuarit Abazi dhe Molliqaj, vazhduan duke fyer nj\u00ebri-tjetrin.<\/p>\n<p>Nd\u00ebrsa pas p\u00ebrfundimit t\u00eb pjes\u00ebs s\u00eb par\u00eb t\u00eb emisioni \u2018Pressing\u2019, Abazi dhe Molliqaj i kan\u00eb jan\u00eb p\u00ebrballur fizikisht.<\/p>\n<p><img decoding=\"async\" src=\"https:\/\/www.syri.net\/uploads\/syri.net\/images\/2019\/September\/12\/auto_emisioni1568275912.png\" alt=\"Image\" \/><\/p>","protected":false},"excerpt":{"rendered":"<p>Bashk\u00ebshorti i ministres s\u00eb Arsimit Besa Shahini, Dardan Molliqaj, ka dhunuar fizikisht dje n\u00eb mbr\u00ebmje zyrtarin e L\u00ebvizjes Vet\u00ebvendosje, Haki Abazi. T\u00eb dy kandidat\u00ebt p\u00ebr deputet\u00eb ishin t\u00eb ftuar n\u00eb emisionin \u201cPressing\u201d. Gjat\u00eb emisionit situata mes tyre u tensionua disa her\u00eb, dhe mesa duket ka arritur kulmin prapa kamerave. \u201cKam qen\u00eb duke dal nga korridori [&hellip;]<\/p>\n","protected":false},"author":2013,"featured_media":106272,"comment_status":"open","ping_status":"closed","sticky":false,"template":"","format":"standard","meta":{"footnotes":""},"categories":[241,235],"tags":[],"class_list":{"0":"post-106271","1":"post","2":"type-post","3":"status-publish","4":"format-standard","5":"has-post-thumbnail","7":"category-aktualitet","8":"category-vendi"},"_links":{"self":[{"href":"https:\/\/zjarr.tv\/en\/wp-json\/wp\/v2\/posts\/106271","targetHints":{"allow":["GET"]}}],"collection":[{"href":"https:\/\/zjarr.tv\/en\/wp-json\/wp\/v2\/posts"}],"about":[{"href":"https:\/\/zjarr.tv\/en\/wp-json\/wp\/v2\/types\/post"}],"author":[{"embeddable":true,"href":"https:\/\/zjarr.tv\/en\/wp-json\/wp\/v2\/users\/2013"}],"replies":[{"embeddable":true,"href":"https:\/\/zjarr.tv\/en\/wp-json\/wp\/v2\/comments?post=106271"}],"version-history":[{"count":0,"href":"https:\/\/zjarr.tv\/en\/wp-json\/wp\/v2\/posts\/106271\/revisions"}],"wp:featuredmedia":[{"embeddable":true,"href":"https:\/\/zjarr.tv\/en\/wp-json\/wp\/v2\/media\/106272"}],"wp:attachment":[{"href":"https:\/\/zjarr.tv\/en\/wp-json\/wp\/v2\/media?parent=106271"}],"wp:term":[{"taxonomy":"category","embeddable":true,"href":"https:\/\/zjarr.tv\/en\/wp-json\/wp\/v2\/categories?post=106271"},{"taxonomy":"post_tag","embeddable":true,"href":"https:\/\/zjarr.tv\/en\/wp-json\/wp\/v2\/tags?post=106271"}],"curies":[{"name":"wp","href":"https:\/\/api.w.org\/{rel}","templated":true}]}}