{"id":106276,"date":"2019-09-12T13:33:25","date_gmt":"2019-09-12T11:33:25","guid":{"rendered":"https:\/\/zjarr.tv\/?p=106276"},"modified":"2019-09-12T13:33:25","modified_gmt":"2019-09-12T11:33:25","slug":"basha-homazh-tek-memoriali-i-hajdarit-do-te-realizojme-idealin-e-shqiperise-demokratike","status":"publish","type":"post","link":"https:\/\/zjarr.tv\/en\/basha-homazh-tek-memoriali-i-hajdarit-do-te-realizojme-idealin-e-shqiperise-demokratike\/","title":{"rendered":"Basha, homazh tek memoriali i Hajdarit: Do t\u00eb realizojm\u00eb idealin e Shqip\u00ebris\u00eb demokratike"},"content":{"rendered":"<p>Drejtues t\u00eb Partis\u00eb demokratike kan\u00eb b\u00ebr\u00eb homazhe tek memoriali i Azem Hajdarit.<\/p>\n<p>Nderojm\u00eb sot liderin e l\u00ebvizjes studentore tha kreu demokrat Basha.<\/p>\n<div class=\"in-artile-read-more\"><\/div>\n<p>\u201cIdealet e Hajdarit ishin p\u00ebr nj\u00eb Shqip\u00ebri dhe nj\u00eb politike t\u00eb ndar\u00eb nga krimi dhe ku kriminel\u00ebt t\u00eb ishin para drejt\u00ebsis\u00eb edhe prapa hekurave.<\/p>\n<p>Do e \u00e7ojm\u00eb deri n\u00eb fund idealin po\u00eb nj\u00eb Shqip\u00ebri Demokratike. Ai u vra nga kriminel\u00ebt me uniform\u00ebn e shtetit.<\/p>\n<p>Basha b\u00ebri thirrje p\u00ebr bashkim t\u00eb gjith\u00eb shaqiptar\u00ebve te ndersh\u00ebm.<\/p>","protected":false},"excerpt":{"rendered":"<p>Drejtues t\u00eb Partis\u00eb demokratike kan\u00eb b\u00ebr\u00eb homazhe tek memoriali i Azem Hajdarit. Nderojm\u00eb sot liderin e l\u00ebvizjes studentore tha kreu demokrat Basha. \u201cIdealet e Hajdarit ishin p\u00ebr nj\u00eb Shqip\u00ebri dhe nj\u00eb politike t\u00eb ndar\u00eb nga krimi dhe ku kriminel\u00ebt t\u00eb ishin para drejt\u00ebsis\u00eb edhe prapa hekurave. Do e \u00e7ojm\u00eb deri n\u00eb fund idealin po\u00eb nj\u00eb [&hellip;]<\/p>\n","protected":false},"author":2013,"featured_media":68908,"comment_status":"open","ping_status":"closed","sticky":false,"template":"","format":"standard","meta":{"footnotes":""},"categories":[241,235],"tags":[],"class_list":{"0":"post-106276","1":"post","2":"type-post","3":"status-publish","4":"format-standard","5":"has-post-thumbnail","7":"category-aktualitet","8":"category-vendi"},"_links":{"self":[{"href":"https:\/\/zjarr.tv\/en\/wp-json\/wp\/v2\/posts\/106276","targetHints":{"allow":["GET"]}}],"collection":[{"href":"https:\/\/zjarr.tv\/en\/wp-json\/wp\/v2\/posts"}],"about":[{"href":"https:\/\/zjarr.tv\/en\/wp-json\/wp\/v2\/types\/post"}],"author":[{"embeddable":true,"href":"https:\/\/zjarr.tv\/en\/wp-json\/wp\/v2\/users\/2013"}],"replies":[{"embeddable":true,"href":"https:\/\/zjarr.tv\/en\/wp-json\/wp\/v2\/comments?post=106276"}],"version-history":[{"count":0,"href":"https:\/\/zjarr.tv\/en\/wp-json\/wp\/v2\/posts\/106276\/revisions"}],"wp:featuredmedia":[{"embeddable":true,"href":"https:\/\/zjarr.tv\/en\/wp-json\/wp\/v2\/media\/68908"}],"wp:attachment":[{"href":"https:\/\/zjarr.tv\/en\/wp-json\/wp\/v2\/media?parent=106276"}],"wp:term":[{"taxonomy":"category","embeddable":true,"href":"https:\/\/zjarr.tv\/en\/wp-json\/wp\/v2\/categories?post=106276"},{"taxonomy":"post_tag","embeddable":true,"href":"https:\/\/zjarr.tv\/en\/wp-json\/wp\/v2\/tags?post=106276"}],"curies":[{"name":"wp","href":"https:\/\/api.w.org\/{rel}","templated":true}]}}