{"id":106280,"date":"2019-09-12T13:35:42","date_gmt":"2019-09-12T11:35:42","guid":{"rendered":"https:\/\/zjarr.tv\/?p=106280"},"modified":"2019-09-12T13:35:42","modified_gmt":"2019-09-12T11:35:42","slug":"vetevritet-prane-baneses-se-tij-51-vjecari","status":"publish","type":"post","link":"https:\/\/zjarr.tv\/en\/vetevritet-prane-baneses-se-tij-51-vjecari\/","title":{"rendered":"Vet\u00ebvritet pran\u00eb banes\u00ebs s\u00eb tij 51 vje\u00e7ari"},"content":{"rendered":"<p>Nj\u00eb 51-vje\u00e7ar i ka dh\u00ebn\u00eb fund jet\u00ebs, nd\u00ebrsa \u00ebsht\u00eb gjetur i varur pran\u00eb banes\u00ebs s\u00eb tij n\u00eb Kor\u00e7\u00eb. Ngjarja e r\u00ebnd\u00eb ka ndodhur n\u00eb fshatin Vlo\u00e7isht.<\/p>\n<p>Burime nga policia b\u00ebn\u00eb me dije se viktima eshte gjetur pa shenja dhune, nderkoh\u00eb qe motivet mbeten ende te paqarta.<\/p>\n<p>Familjaret e viktimes nuk kane nxjere asnje pretendim ne lidhje me ngjarjen.<\/p>","protected":false},"excerpt":{"rendered":"<p>Nj\u00eb 51-vje\u00e7ar i ka dh\u00ebn\u00eb fund jet\u00ebs, nd\u00ebrsa \u00ebsht\u00eb gjetur i varur pran\u00eb banes\u00ebs s\u00eb tij n\u00eb Kor\u00e7\u00eb. Ngjarja e r\u00ebnd\u00eb ka ndodhur n\u00eb fshatin Vlo\u00e7isht. Burime nga policia b\u00ebn\u00eb me dije se viktima eshte gjetur pa shenja dhune, nderkoh\u00eb qe motivet mbeten ende te paqarta. Familjaret e viktimes nuk kane nxjere asnje pretendim ne [&hellip;]<\/p>\n","protected":false},"author":2013,"featured_media":106284,"comment_status":"open","ping_status":"closed","sticky":false,"template":"","format":"standard","meta":{"footnotes":""},"categories":[241,235],"tags":[],"class_list":{"0":"post-106280","1":"post","2":"type-post","3":"status-publish","4":"format-standard","5":"has-post-thumbnail","7":"category-aktualitet","8":"category-vendi"},"_links":{"self":[{"href":"https:\/\/zjarr.tv\/en\/wp-json\/wp\/v2\/posts\/106280","targetHints":{"allow":["GET"]}}],"collection":[{"href":"https:\/\/zjarr.tv\/en\/wp-json\/wp\/v2\/posts"}],"about":[{"href":"https:\/\/zjarr.tv\/en\/wp-json\/wp\/v2\/types\/post"}],"author":[{"embeddable":true,"href":"https:\/\/zjarr.tv\/en\/wp-json\/wp\/v2\/users\/2013"}],"replies":[{"embeddable":true,"href":"https:\/\/zjarr.tv\/en\/wp-json\/wp\/v2\/comments?post=106280"}],"version-history":[{"count":0,"href":"https:\/\/zjarr.tv\/en\/wp-json\/wp\/v2\/posts\/106280\/revisions"}],"wp:featuredmedia":[{"embeddable":true,"href":"https:\/\/zjarr.tv\/en\/wp-json\/wp\/v2\/media\/106284"}],"wp:attachment":[{"href":"https:\/\/zjarr.tv\/en\/wp-json\/wp\/v2\/media?parent=106280"}],"wp:term":[{"taxonomy":"category","embeddable":true,"href":"https:\/\/zjarr.tv\/en\/wp-json\/wp\/v2\/categories?post=106280"},{"taxonomy":"post_tag","embeddable":true,"href":"https:\/\/zjarr.tv\/en\/wp-json\/wp\/v2\/tags?post=106280"}],"curies":[{"name":"wp","href":"https:\/\/api.w.org\/{rel}","templated":true}]}}