{"id":106283,"date":"2019-09-12T13:36:26","date_gmt":"2019-09-12T11:36:26","guid":{"rendered":"https:\/\/zjarr.tv\/?p=106283"},"modified":"2019-09-12T13:36:26","modified_gmt":"2019-09-12T11:36:26","slug":"axhenda-per-integrimin-mbi-cdo-axhende-politike-kryemadhi-pret-ambasadoren-kroate","status":"publish","type":"post","link":"https:\/\/zjarr.tv\/en\/axhenda-per-integrimin-mbi-cdo-axhende-politike-kryemadhi-pret-ambasadoren-kroate\/","title":{"rendered":"&#8216;Axhenda p\u00ebr integrimin, mbi \u00e7do axhend\u00eb politike&#8217;: Kryemadhi pret ambasadoren kroate"},"content":{"rendered":"<p>Kryetarja e L\u00ebvizjes Socialiste p\u00ebr Integrim, Monika Kryemadhi ka pritur n\u00eb nj\u00eb takim n\u00eb seli ambasadoren e Kroacis\u00eb, Sanja Bujas Juraga.<\/p>\n<p>Takimi u zhvillua me rastin e p\u00ebrfundimit t\u00eb mandatit t\u00eb zonj\u00ebs Juraga n\u00eb Tiran\u00eb.<\/p>\n<div id=\"rekl-28\"><\/div>\n<p>N\u00eb bised\u00eb me ambasadoren kroate Juraga, Monika Kryemadhi u shpreh se Shqip\u00ebria n\u00eb rrug\u00ebn e saj drejt integrimit europian ka si shembull Kroacin\u00eb e cila u an\u00ebtar\u00ebsua n\u00eb familjen europiane me shpejt\u00ebsi.<\/p>\n<div id=\"rekl-13\">\n<div id=\"__sap-ad-15\" class=\"__sap-ads __sap-html tracked\" data-title=\"Credins desktop 08\"><ins><\/p>\n<div id=\"beacon_0787ac4a98\"><img loading=\"lazy\" decoding=\"async\" src=\"https:\/\/ads1.medium.al\/www\/delivery\/lg.php?bannerid=373&amp;campaignid=48&amp;zoneid=182&amp;loc=https%3A%2F%2Fwww.syri.net%2Fpolitike%2F279948%2Faxhenda-per-integrimin-mbi-cdo-axhende-politike-kryemadhi-pret-ambasadoren-kroate%2F&amp;referer=https%3A%2F%2Fwww.syri.net%2Flajme%2F&amp;cb=0787ac4a98\" alt=\"\" width=\"0\" height=\"0\" \/><\/div>\n<p><\/ins><\/div>\n<\/div>\n<p>\u201cSi\u00e7 Kroacia gjeti rrug\u00ebn e duhur dhe u an\u00ebtar\u00ebsua me shpejt\u00ebsi n\u00eb BE, ashtu dhe ne duhet t\u00eb ndjekim shembullin e saj, ku axhenda p\u00ebr integrimin europian duhet t\u00eb jet\u00eb mbi \u00e7do axhend\u00eb politike\u201d, u shpreh Kryemadhi.<\/p>","protected":false},"excerpt":{"rendered":"<p>Kryetarja e L\u00ebvizjes Socialiste p\u00ebr Integrim, Monika Kryemadhi ka pritur n\u00eb nj\u00eb takim n\u00eb seli ambasadoren e Kroacis\u00eb, Sanja Bujas Juraga. Takimi u zhvillua me rastin e p\u00ebrfundimit t\u00eb mandatit t\u00eb zonj\u00ebs Juraga n\u00eb Tiran\u00eb. N\u00eb bised\u00eb me ambasadoren kroate Juraga, Monika Kryemadhi u shpreh se Shqip\u00ebria n\u00eb rrug\u00ebn e saj drejt integrimit europian ka [&hellip;]<\/p>\n","protected":false},"author":2013,"featured_media":106287,"comment_status":"open","ping_status":"closed","sticky":false,"template":"","format":"standard","meta":{"footnotes":""},"categories":[241,235],"tags":[],"class_list":{"0":"post-106283","1":"post","2":"type-post","3":"status-publish","4":"format-standard","5":"has-post-thumbnail","7":"category-aktualitet","8":"category-vendi"},"_links":{"self":[{"href":"https:\/\/zjarr.tv\/en\/wp-json\/wp\/v2\/posts\/106283","targetHints":{"allow":["GET"]}}],"collection":[{"href":"https:\/\/zjarr.tv\/en\/wp-json\/wp\/v2\/posts"}],"about":[{"href":"https:\/\/zjarr.tv\/en\/wp-json\/wp\/v2\/types\/post"}],"author":[{"embeddable":true,"href":"https:\/\/zjarr.tv\/en\/wp-json\/wp\/v2\/users\/2013"}],"replies":[{"embeddable":true,"href":"https:\/\/zjarr.tv\/en\/wp-json\/wp\/v2\/comments?post=106283"}],"version-history":[{"count":0,"href":"https:\/\/zjarr.tv\/en\/wp-json\/wp\/v2\/posts\/106283\/revisions"}],"wp:featuredmedia":[{"embeddable":true,"href":"https:\/\/zjarr.tv\/en\/wp-json\/wp\/v2\/media\/106287"}],"wp:attachment":[{"href":"https:\/\/zjarr.tv\/en\/wp-json\/wp\/v2\/media?parent=106283"}],"wp:term":[{"taxonomy":"category","embeddable":true,"href":"https:\/\/zjarr.tv\/en\/wp-json\/wp\/v2\/categories?post=106283"},{"taxonomy":"post_tag","embeddable":true,"href":"https:\/\/zjarr.tv\/en\/wp-json\/wp\/v2\/tags?post=106283"}],"curies":[{"name":"wp","href":"https:\/\/api.w.org\/{rel}","templated":true}]}}