{"id":106298,"date":"2019-09-12T13:41:30","date_gmt":"2019-09-12T11:41:30","guid":{"rendered":"https:\/\/zjarr.tv\/?p=106298"},"modified":"2019-09-12T13:41:30","modified_gmt":"2019-09-12T11:41:30","slug":"prokurorise-i-humbin-videot-e-perplasjes-se-suel-celes-me-policine","status":"publish","type":"post","link":"https:\/\/zjarr.tv\/en\/prokurorise-i-humbin-videot-e-perplasjes-se-suel-celes-me-policine\/","title":{"rendered":"Prokuroris\u00eb i humbin videot e p\u00ebrplasjes s\u00eb Suel \u00c7el\u00ebs me policin\u00eb"},"content":{"rendered":"<p>Zhvendosja e dosjes s\u00eb p\u00ebrplasjes s\u00eb makin\u00ebs s\u00eb Policis\u00eb shoq\u00ebrua me humbjen e DVD-ve me pamjet e p\u00ebrplasjes. Kjo u b\u00eb e ditur n\u00eb seanc\u00ebn e sotme t\u00eb Gjykat\u00ebs s\u00eb Krimeve t\u00eb R\u00ebnda, ku u n\u00eb shqyrtim dosja n\u00eb ngarkim t\u00eb Suel \u00c7el\u00ebn, emri i t\u00eb cilit u lakua pas p\u00ebrplasjes s\u00eb makin\u00ebs s\u00eb Policis\u00eb n\u00eb qytetin e Elbasanit.<\/p>\n<p>Gjat\u00eb seanc\u00ebs, \u00ebsht\u00eb diskutuar n\u00eb lidhje me provat q\u00eb disponohen ndaj \u00c7el\u00ebs, nj\u00eb personazhi t\u00eb bot\u00ebs s\u00eb \u2018n\u00ebndheshme\u2019 t\u00eb krimit dhe t\u00eb arrestuarve t\u00eb tjer\u00eb pas incidentit me makin\u00ebn e llojit \u2018Audi\u2019 n\u00eb tregun ushqimor t\u00eb Elbasanit.<\/p>\n<p>P\u00ebr 4 seanca, Krimet e R\u00ebnda k\u00ebrkuan DVD-t\u00eb, t\u00eb cilat nuk gjendeshin n\u00eb fashikullin e gjykimit. Nd\u00ebrkoh\u00eb, Gjykata b\u00ebri me dije sot se kishte arritur t\u00eb gjente 11 DVD dhe nj\u00eb disk q\u00eb nuk ishin n\u00eb dosje, duke i rikuperuar n\u00eb Institutin e Policis\u00eb Shkencore.<\/p>\n<p>Gjykata kishte d\u00ebrguar nj\u00eb shkres\u00eb edhe n\u00eb Prokurorin\u00eb e Elbasanit, q\u00eb e kishte v\u00ebn\u00eb n\u00eb dijeni se k\u00ebto DVD nuk ndodheshin atje, pasi ishin nisur n\u00eb Prokurorin\u00eb p\u00ebr Krime t\u00eb R\u00ebnda. Prokurori Behar Dibra tha se nuk mund t\u00eb shpjegonte k\u00ebt\u00eb situat\u00eb, duke shtuar se dosja ka l\u00ebvizur plot tri here: n\u00eb Elbasan, n\u00eb Prokurorin\u00eb e P\u00ebrgjithshme e m\u00eb pas te Krimet.<\/p>\n<p>N\u00eb fakt, video q\u00eb nuk gjendet n\u00eb dosje disponohet nga t\u00eb gjitha mediat, q\u00eb e kan\u00eb transmetuar menj\u00ebher\u00eb pas ngjarjes, ku duket se si automjeti \u2018Audi\u2019 q\u00eb b\u00ebn manovra. Nga kamerat e siguris\u00eb shihet q\u00eb makina \u2018Audi\u2019 b\u00ebn tentativ\u00eb p\u00ebr t\u2019u futur n\u00eb tregun ushqimor dhe gjat\u00eb k\u00ebsaj p\u00ebrpjekjeje p\u00ebrplas makin\u00ebn e Policis\u00eb.<\/p>","protected":false},"excerpt":{"rendered":"<p>Zhvendosja e dosjes s\u00eb p\u00ebrplasjes s\u00eb makin\u00ebs s\u00eb Policis\u00eb shoq\u00ebrua me humbjen e DVD-ve me pamjet e p\u00ebrplasjes. Kjo u b\u00eb e ditur n\u00eb seanc\u00ebn e sotme t\u00eb Gjykat\u00ebs s\u00eb Krimeve t\u00eb R\u00ebnda, ku u n\u00eb shqyrtim dosja n\u00eb ngarkim t\u00eb Suel \u00c7el\u00ebn, emri i t\u00eb cilit u lakua pas p\u00ebrplasjes s\u00eb makin\u00ebs s\u00eb Policis\u00eb [&hellip;]<\/p>\n","protected":false},"author":2013,"featured_media":106300,"comment_status":"open","ping_status":"closed","sticky":false,"template":"","format":"standard","meta":{"footnotes":""},"categories":[241,235],"tags":[],"class_list":{"0":"post-106298","1":"post","2":"type-post","3":"status-publish","4":"format-standard","5":"has-post-thumbnail","7":"category-aktualitet","8":"category-vendi"},"_links":{"self":[{"href":"https:\/\/zjarr.tv\/en\/wp-json\/wp\/v2\/posts\/106298","targetHints":{"allow":["GET"]}}],"collection":[{"href":"https:\/\/zjarr.tv\/en\/wp-json\/wp\/v2\/posts"}],"about":[{"href":"https:\/\/zjarr.tv\/en\/wp-json\/wp\/v2\/types\/post"}],"author":[{"embeddable":true,"href":"https:\/\/zjarr.tv\/en\/wp-json\/wp\/v2\/users\/2013"}],"replies":[{"embeddable":true,"href":"https:\/\/zjarr.tv\/en\/wp-json\/wp\/v2\/comments?post=106298"}],"version-history":[{"count":0,"href":"https:\/\/zjarr.tv\/en\/wp-json\/wp\/v2\/posts\/106298\/revisions"}],"wp:featuredmedia":[{"embeddable":true,"href":"https:\/\/zjarr.tv\/en\/wp-json\/wp\/v2\/media\/106300"}],"wp:attachment":[{"href":"https:\/\/zjarr.tv\/en\/wp-json\/wp\/v2\/media?parent=106298"}],"wp:term":[{"taxonomy":"category","embeddable":true,"href":"https:\/\/zjarr.tv\/en\/wp-json\/wp\/v2\/categories?post=106298"},{"taxonomy":"post_tag","embeddable":true,"href":"https:\/\/zjarr.tv\/en\/wp-json\/wp\/v2\/tags?post=106298"}],"curies":[{"name":"wp","href":"https:\/\/api.w.org\/{rel}","templated":true}]}}