{"id":106301,"date":"2019-09-12T13:43:55","date_gmt":"2019-09-12T11:43:55","guid":{"rendered":"https:\/\/zjarr.tv\/?p=106301"},"modified":"2019-09-12T13:43:55","modified_gmt":"2019-09-12T11:43:55","slug":"dashuria-per-vendin-lidhet-me-kujtimin-e-tim-eti-hajdari-sqaron-lapsusin-ne-kuvend-sulmet-per-te","status":"publish","type":"post","link":"https:\/\/zjarr.tv\/en\/dashuria-per-vendin-lidhet-me-kujtimin-e-tim-eti-hajdari-sqaron-lapsusin-ne-kuvend-sulmet-per-te\/","title":{"rendered":"\u201cDashuria p\u00ebr vendin lidhet me kujtimin e tim eti\u201d, Hajdari sqaron lapsusin n\u00eb Kuvend: Sulmet p\u00ebr t\u00eb.."},"content":{"rendered":"<p>Deputetja Rudina Hajdari ka zgjedhur ta nis\u00eb me nj\u00eb fal\u00ebnderim p\u00ebr ceremonin\u00eb p\u00ebrkujtimore t\u00eb t\u00eb atit, Azem Hajdari, fjalen e saj ne parlament nd\u00ebrsa m\u00eb pas b\u00ebri edhe nj\u00eb sqarim p\u00ebr lapsusin n\u00eb seanc\u00ebn e s\u00eb h\u00ebn\u00ebs.<\/p>\n<div id=\"sovrn\" class=\"desktop_ad ad_bottom_space\"><ins><\/p>\n<div id=\"beacon_484ddabb2d\"><img loading=\"lazy\" decoding=\"async\" src=\"https:\/\/ads.balkanweb.com\/www\/delivery\/lg.php?bannerid=0&amp;campaignid=0&amp;zoneid=426&amp;loc=https%3A%2F%2Fbalkanweb.com%2Fdashuria-per-vendin-lidhet-me-kujtimin-e-tim-ati-hajdari-sqaron-lapsusin-ne-kuvend-sulmet-per-te%2F&amp;referer=https%3A%2F%2Fbalkanweb.com%2F&amp;cb=484ddabb2d\" alt=\"\" width=\"0\" height=\"0\" \/><\/div>\n<p><\/ins><\/div>\n<p>\u201cFal\u00ebnderoj p\u00ebr pjes\u00ebmarrjen n\u00eb p\u00ebrkujtimore, dhe stafin q\u00eb organizoj\u00eb k\u00ebt\u00eb aktivitet e pjes\u00ebmarr\u00ebs t\u00eb PS dhe gjth\u00eb demokrat\u00ebt q\u00eb mor\u00ebn pjes\u00eb n\u00eb aktivitete. M\u00eb lejoni pak t\u00eb ndalem te seanca e kaluar. U prit me shum\u00eb sulme ndaj meje. Shpesh sulmet mediatike kan\u00eb p\u00ebr synim zhvendosjen e v\u00ebmendjes. Ajo q\u00eb m\u00eb preku m\u00eb shum\u00eb, \u00ebsht\u00eb se u p\u00ebrmend fjala p\u00ebrcarje. Kjo nuk \u00ebsht\u00eb e duhura, ne duam t\u00eb ringrejm\u00eb t\u00eb djatht\u00ebns shqiptare.<\/p>\n<p>Ne punojn\u00eb\u00a0 dhe p\u00ebrgatitemi p\u00ebr t\u00eb b\u00ebr\u00eb ball\u00eb nj\u00eb opozit\u00eb t\u00eb fort\u00eb. Dashuria p\u00ebr k\u00ebt\u00eb vend lidhet fort me kujtimin e tim e ti. Kjo dashuri mban gjall\u00eb kujtimin e tij brenda meje. Un\u00eb kurr\u00eb nuk do t\u00eb zhg\u00ebnjej popullin shqiptar apo ta p\u00ebr\u00e7aj\u00eb at\u00eb.\u201d u shpreh Hajdari.<\/p>","protected":false},"excerpt":{"rendered":"<p>Deputetja Rudina Hajdari ka zgjedhur ta nis\u00eb me nj\u00eb fal\u00ebnderim p\u00ebr ceremonin\u00eb p\u00ebrkujtimore t\u00eb t\u00eb atit, Azem Hajdari, fjalen e saj ne parlament nd\u00ebrsa m\u00eb pas b\u00ebri edhe nj\u00eb sqarim p\u00ebr lapsusin n\u00eb seanc\u00ebn e s\u00eb h\u00ebn\u00ebs. \u201cFal\u00ebnderoj p\u00ebr pjes\u00ebmarrjen n\u00eb p\u00ebrkujtimore, dhe stafin q\u00eb organizoj\u00eb k\u00ebt\u00eb aktivitet e pjes\u00ebmarr\u00ebs t\u00eb PS dhe gjth\u00eb demokrat\u00ebt [&hellip;]<\/p>\n","protected":false},"author":2013,"featured_media":106306,"comment_status":"open","ping_status":"closed","sticky":false,"template":"","format":"standard","meta":{"footnotes":""},"categories":[241,235],"tags":[],"class_list":{"0":"post-106301","1":"post","2":"type-post","3":"status-publish","4":"format-standard","5":"has-post-thumbnail","7":"category-aktualitet","8":"category-vendi"},"_links":{"self":[{"href":"https:\/\/zjarr.tv\/en\/wp-json\/wp\/v2\/posts\/106301","targetHints":{"allow":["GET"]}}],"collection":[{"href":"https:\/\/zjarr.tv\/en\/wp-json\/wp\/v2\/posts"}],"about":[{"href":"https:\/\/zjarr.tv\/en\/wp-json\/wp\/v2\/types\/post"}],"author":[{"embeddable":true,"href":"https:\/\/zjarr.tv\/en\/wp-json\/wp\/v2\/users\/2013"}],"replies":[{"embeddable":true,"href":"https:\/\/zjarr.tv\/en\/wp-json\/wp\/v2\/comments?post=106301"}],"version-history":[{"count":0,"href":"https:\/\/zjarr.tv\/en\/wp-json\/wp\/v2\/posts\/106301\/revisions"}],"wp:featuredmedia":[{"embeddable":true,"href":"https:\/\/zjarr.tv\/en\/wp-json\/wp\/v2\/media\/106306"}],"wp:attachment":[{"href":"https:\/\/zjarr.tv\/en\/wp-json\/wp\/v2\/media?parent=106301"}],"wp:term":[{"taxonomy":"category","embeddable":true,"href":"https:\/\/zjarr.tv\/en\/wp-json\/wp\/v2\/categories?post=106301"},{"taxonomy":"post_tag","embeddable":true,"href":"https:\/\/zjarr.tv\/en\/wp-json\/wp\/v2\/tags?post=106301"}],"curies":[{"name":"wp","href":"https:\/\/api.w.org\/{rel}","templated":true}]}}