{"id":106303,"date":"2019-09-12T13:43:08","date_gmt":"2019-09-12T11:43:08","guid":{"rendered":"https:\/\/zjarr.tv\/?p=106303"},"modified":"2019-09-12T13:43:08","modified_gmt":"2019-09-12T11:43:08","slug":"vetingu-toleroi-transaksionet-e-prokurorit-klodian-braho-me-kunatin-e-arrestuar-per-droge","status":"publish","type":"post","link":"https:\/\/zjarr.tv\/en\/vetingu-toleroi-transaksionet-e-prokurorit-klodian-braho-me-kunatin-e-arrestuar-per-droge\/","title":{"rendered":"\u2018Vetingu\u2019 toleroi transaksionet e prokurorit Klodian Braho me kunatin e arrestuar p\u00ebr drog\u00eb"},"content":{"rendered":"<p>Nga Boldnews.al<\/p>\n<p>Komisioni i Pavarur i Kualifikimit (KPK) ka \u2018mbyllur syt\u00eb\u2019 para disa transaksioneve q\u00eb bashk\u00ebshortja e prokurorit t\u00eb Krimeve t\u00eb R\u00ebnda, Klodian Braho, ka kryer me v\u00ebllain e saj, E.V, i arrestuar dhe d\u00ebnuar n\u00eb Itali p\u00ebr trafik droge.<\/p>\n<p>KPK konfirmoi n\u00eb detyr\u00eb subjektin Braho, aktualisht zv.drejtues i Prokuroris\u00eb p\u00ebr Krime t\u00eb R\u00ebnda, me votat e an\u00ebtar\u00ebve Valbona Sanxhakari dhe Roland Ilia. Nd\u00ebrkoh\u00eb q\u00eb kryesuesja e trup\u00ebs gjykuese t\u00eb Vetingut, Xhensila Pine, ka qen\u00eb kund\u00ebr p\u00ebr shkak t\u00eb problemeve me kriterin e figur\u00ebs.<\/p>\n<div id=\"rekl-13\">\n<div id=\"__sap-ad-15\" class=\"__sap-ads __sap-html tracked\" data-title=\"Credins desktop 08\"><ins><\/p>\n<div id=\"beacon_9ebda0457e\"><img loading=\"lazy\" decoding=\"async\" src=\"https:\/\/ads1.medium.al\/www\/delivery\/lg.php?bannerid=373&amp;campaignid=48&amp;zoneid=182&amp;loc=https%3A%2F%2Fwww.syri.net%2Fpolitike%2F279960%2Fvetingu-toleroi-transaksionet-e-prokurorit-klodian-braho-me-kunatin-e-arrestuar-per-droge%2F&amp;referer=https%3A%2F%2Fwww.syri.net%2Flajme%2F&amp;cb=9ebda0457e\" alt=\"\" width=\"0\" height=\"0\" \/><\/div>\n<p><\/ins><\/div>\n<\/div>\n<div id=\"rekl-4\"><\/div>\n<p><img decoding=\"async\" src=\"https:\/\/www.syri.net\/uploads\/syri.net\/images\/2019\/September\/12\/auto_1-10-640x9141568287706.jpg\" alt=\"Image\" \/><\/p>\n<p>Komisionerja Pine ka shpjeguar me detaje se p\u00ebrse ajo \u00ebsht\u00eb kund\u00ebr konfirmimit t\u00eb prokurorit Klodian Braho, n\u00eb dokumentin \u2018mendim pakice\u2019, i cili shoq\u00ebron vendimin nr. 191, dt. 26.07.2019.<\/p>\n<p>Prokurori Braho \u00ebsht\u00eb aktualisht pjes\u00eb e 15 kandidat\u00ebve t\u00eb miratuar nga K\u00ebshilli i Lart\u00eb i Prokuroris\u00eb p\u00ebr t\u00eb qen\u00eb pjes\u00eb e Struktur\u00ebs s\u00eb Posa\u00e7me Antikorrupsion (SPAK).<\/p>\n<p><strong>Kund\u00ebrshtimet e Pines<\/strong><\/p>\n<p>Komisionerja Xhensila Pine \u00ebsht\u00eb ndalur gjat\u00eb n\u00eb rastin e arrestimit dhe d\u00ebnimit t\u00eb kunatit t\u00eb Klodian Brahos, p\u00ebr t\u00eb cilin prokurori ka deklaruar n\u00eb formular\u00ebt e integritetit se nuk ka pasur dijeni.<\/p>\n<p>Shumica e trup\u00ebs s\u00eb KPK-s\u00eb, \u2018bazuar n\u00eb shpjegimet e subjektit dhe n\u00eb hetimin e kryer p\u00ebr k\u00ebt\u00eb \u00e7\u00ebshtje, krijoi bindjen se subjekti nuk ka pasur kontakte t\u00eb vazhdueshme me shtetasin E.V. Kjo rrethan\u00eb e kontakteve t\u00eb rralla familjare, se subjekti i rivler\u00ebsimit nuk ka qen\u00eb n\u00eb dijeni p\u00ebr arrestimin e kunatit E.V., u mor n\u00eb konsiderat\u00eb nga Komisioni si rrethan\u00eb leht\u00ebsuese n\u00eb p\u00ebrputhje me pik\u00ebn 5, t\u00eb nenit 38, t\u00eb ligjit nr. 84\/2016\u2019.<\/p>\n<p>Por, p\u00ebr t\u00eb nj\u00ebjtat rrethana, kryesuesja e trup\u00ebs gjykuese, Xhensila Pine, ka mendim t\u00ebr\u00ebsisht t\u00eb kund\u00ebrt.<\/p>\n<p>N\u00eb zyrat e Komisionit t\u00eb Pavarur t\u00eb Kualifikimit ka mb\u00ebrritur nj\u00eb denoncim publik, sipas t\u00eb cilit, kunati i subjektit Klodian Braho \u00ebsht\u00eb arrestuar dhe proceduar p\u00ebr shitje l\u00ebnd\u00ebsh narkotike n\u00eb Itali.<\/p>\n<p>N\u00eb vitin 2011 nj\u00eb nga an\u00ebtar\u00ebt e familjes s\u00eb tij, konkretisht shtetasi E.V., v\u00ebllai i bashk\u00ebshortes, i cili p\u00ebrfshihet te \u2018krushqia deri n\u00eb shkall\u00eb t\u00eb dyt\u00eb\u2019, dhe q\u00eb konsiderohet an\u00ebtar familjeje, rezultoi se ishte arrestuar dhe proceduar penalisht p\u00ebr shitje t\u00eb l\u00ebnd\u00ebve narkotike n\u00eb shtetin italian.<\/p>\n<p><img decoding=\"async\" src=\"https:\/\/www.syri.net\/uploads\/syri.net\/images\/2019\/September\/12\/auto_2-8-640x8491568287708.jpg\" alt=\"Image\" \/><\/p>\n<p>Media italiane ka raportuar p\u00ebr arrestimin e shtetasit Ergus Veraj, kunati i prokurorit Klodian Braho, p\u00ebr shitje narkotik\u00ebsh<\/p>\n<p>\u2018Sipas parashikimit t\u00eb pik\u00ebs 15, t\u00eb nenit 3, t\u00eb ligjit nr. 84\/2016, shtetasi E.V., konsiderohet person i p\u00ebrfshir\u00eb n\u00eb krimin e organizuar dhe subjekti kishte p\u00ebr pasoj\u00eb detyrimin ta deklaronte k\u00ebt\u00eb fakt n\u00eb deklarat\u00ebn p\u00ebr kontrollin e figur\u00ebs n\u00eb pjes\u00ebn 5 t\u00eb saj, te rubrika e t\u00eb dh\u00ebnave p\u00ebr sigurin\u00eb\u2019, argumenton Pine.<\/p>\n<p>Sipas komisioneres, subjekti i rivler\u00ebsimit, z. Klodian Braho, p\u00ebrpara se t\u00eb plot\u00ebsonte deklarat\u00ebn p\u00ebr kontrollin e figur\u00ebs duhet t\u00eb b\u00ebnte t\u00eb gjitha verifikimet e nevojshme me q\u00ebllim plot\u00ebsimin me v\u00ebrtet\u00ebsi dhe sakt\u00ebsi sipas detyrimit kushtetues, t\u00eb deklarat\u00ebs p\u00ebr kontrollin e figur\u00ebs, nd\u00ebr t\u00eb tjera edhe pjes\u00ebs 5, t\u00eb saj.<\/p>\n<p>Pasi u pyet nga Komisioni n\u00eb rezultate hetimi, subjekti i rivler\u00ebsimit, z. Klodian Braho, pranoi faktin se z. E.V., \u00ebsht\u00eb proceduar penalisht n\u00eb shtetin italian, dhe deklaroi se nuk ishte n\u00eb dijeni t\u00eb d\u00ebnimit q\u00eb v\u00ebllai i bashk\u00ebshortes s\u00eb tij kishte n\u00eb shtetin italian.<\/p>\n<p>Aplikimi i parashikimeve t\u00eb germ\u00ebs \u2018b\u2019, t\u00eb pik\u00ebs 5, t\u00eb nenit 38, t\u00eb ligjit nr. 84\/2016, p\u00ebr rrethana leht\u00ebsuese do t\u00eb ishte i mundur vet\u00ebm n\u00ebse:<\/p>\n<p>1. shkalla e ndikimit apo af\u00ebrsia e subjektit me kontaktin do t\u00eb ishte e larg\u00ebt;<\/p>\n<p>2. do t\u00eb kishte deklarime t\u00eb v\u00ebrteta dhe t\u00eb plota, n\u00eb lidhje me k\u00ebt\u00eb kontakt.<\/p>\n<p>Ndryshe nga sa ka arsyetuar shumica, \u2018kam vler\u00ebsuar se subjekti i rivler\u00ebsimit nuk gjendet n\u00eb kushtet e aplikimit t\u00eb parashikimeve t\u00eb germ\u00ebs \u2018b\u2019, t\u00eb pik\u00ebs 5, t\u00eb nenit 38, t\u00eb ligjit nr. 84\/2016, p\u00ebr rrethana leht\u00ebsuese\u2019, shprehet Xhensila Pine,<\/p>\n<p>Ajo argumenton q\u00ebndrimin e saj: p\u00ebr sa m\u00eb posht\u00eb vijon: \u2018Af\u00ebrsia e subjektit me kontaktin e pap\u00ebrshtatsh\u00ebm, u provua jo vet\u00ebm gjat\u00eb hetimit administrativ, por edhe shpjegimeve t\u00eb subjektit, konfirmuar edhe me deklarat\u00ebn noteriale t\u00eb sjell\u00eb prej tij ku referohen komunikime t\u00eb bashk\u00ebshortes me t\u00eb v\u00ebllan\u00eb. Subjekti nuk dha deklarime bind\u00ebse e t\u00eb plota n\u00eb lidhje me k\u00ebt\u00eb kontakt, p\u00ebr t\u00eb v\u00ebrtetuar se marr\u00ebdh\u00ebniet midis tij dhe shtetasit E.V., jan\u00eb t\u00eb larg\u00ebta dhe t\u00eb rralla\u2019.<\/p>\n<p>Kjo af\u00ebrsi,- shprehet komisionerja n\u00eb pakic\u00eb- si dhe shkalla e ndikimit, u konfirmuan edhe nga fakti q\u00eb p\u00ebr kredit\u00eb e marra nga bashk\u00ebshortja e tij si bashk\u00ebkredimarr\u00ebse, k\u00ebstet mujore paguheshin dhe vijojn\u00eb t\u00eb paguhen, edhe aktualisht nd\u00ebr t\u00eb tjera, edhe nga t\u00eb ardhurat e shtetasit E.V.<\/p>\n<p><img decoding=\"async\" src=\"https:\/\/www.syri.net\/uploads\/syri.net\/images\/2019\/September\/12\/auto_3-5-640x4551568287709.jpg\" alt=\"Image\" \/><\/p>\n<p>\u2018Pagesa e k\u00ebsteve p\u00ebr kredit\u00eb e marra nga bashk\u00ebshortja e subjektit si bashk\u00ebkredimarr\u00ebse, nga shtetasi E.V., e vendos subjektin e rivler\u00ebsimit n\u00eb parashikimet e pik\u00ebs 5, germa \u2018f\u2019 t\u00eb shtojc\u00ebs 3, t\u00eb ligjit nr. 84\/2016, n\u00eb kushtet e mosdeklarimit t\u00eb kontaktit me t\u00eb cilin ka shk\u00ebmbyer pasuri nj\u00eb person i lidhur me t\u00eb sipas ligjit nr\/84\/2016\u2019, konstaton Komisionerja e Vetingut.<\/p>\n<p>Pasi u pyet nga Komisioni, subjekti nuk p\u00ebrmendi n\u00eb parashtres\u00ebn e tij \u2018asnj\u00eb shpjegim p\u00ebr llojin apo numrin e d\u00ebnimeve t\u00eb marra nga kunati i tij n\u00eb shtetin italian, koh\u00ebn e arrestimit dhe procedimit penalisht, apo t\u00eb marrjes s\u00eb k\u00ebtyre d\u00ebnimeve, duke mos qen\u00eb i hapur dhe i plot\u00eb n\u00eb deklarimet e tij lidhur me arrestimin e shtetasit E.V., v\u00ebllai i bashk\u00ebshortes\u2019, vijon Pine.<\/p>\n<p>Ndryshe nga sa ka pretenduar subjekti, komisionerja e pakic\u00ebs ka vler\u00ebsuar se subjekti Klodian Braho, nuk gjendet as n\u00eb kushtet e aplikimit t\u00eb parashikimeve t\u00eb germ\u00ebs \u2018d\u2019, t\u00eb pik\u00ebs 7, t\u00eb nenit 38, t\u00eb ligjit nr. 84\/2016, pasi ai nuk ka provuar bindsh\u00ebm se s\u2019ka qen\u00eb n\u00eb dijeni t\u00eb faktit se v\u00ebllai i bashk\u00ebshortes s\u00eb tij, shtetasi E. V., \u00ebsht\u00eb i p\u00ebrfshir\u00eb n\u00eb krimin e organizuar.<\/p>\n<p>Si\u00e7 konstaton komisionerja e pakic\u00ebs, n\u00eb shpjegimet e sjella nga subjekti para Komisionit p\u00ebr t\u00eb ardhurat e dy v\u00ebllez\u00ebrve t\u00eb bashk\u00ebshortes, me t\u00eb cilat paguhet edhe aktualisht kredia e marr\u00eb nga bashk\u00ebshortja dhe nga babai i saj, \u2018p\u00ebr shtetasin E.V., subjekti i rivler\u00ebsimit nuk i paraqiti Komisionit asnj\u00eb dokumentacion p\u00ebr pun\u00ebsimin dhe t\u00eb ardhurat e tij n\u00eb shtetin italian, ndryshe nga sa p\u00ebr v\u00ebllain tjet\u00ebr t\u00eb bashk\u00ebshortes paraqiti dokumentacion t\u00eb plot\u00eb p\u00ebr t\u00eb ardhurat n\u00eb shtetin italian\u2019.<\/p>\n<p>K\u00ebt\u00eb shmangie t\u00eb shpjegimeve mbi t\u00eb ardhurat e shtetasit E.V. n\u00eb Itali dhe deklarimin vet\u00ebm t\u00eb t\u00eb ardhurave t\u00eb tij n\u00eb Shqip\u00ebri, (rezultoi sipas sistemit TIMS se shtetasi E.V., ka q\u00ebndruar n\u00eb Shqip\u00ebri p\u00ebr periudha shum\u00eb t\u00eb shkurtra), komisionerja Xhensila Pine e ka vler\u00ebsuar si indice e dijenis\u00eb s\u00eb subjektit lidhur me procedimin penal p\u00ebr shtetasin E. V., n\u00eb shtetin italian.<\/p>\n<p>Duke marr\u00eb n\u00eb konsiderat\u00eb arsyetimin e m\u00ebsip\u00ebrm, komisionerja Pine ka arritur n\u00eb konkluzionin se \u2018subjekti i rivler\u00ebsimit ka plot\u00ebsuar n\u00eb m\u00ebnyr\u00eb t\u00eb pasakt\u00eb dhe jo me v\u00ebrtet\u00ebsi deklarat\u00ebn p\u00ebr kontrollin e figur\u00ebs, dhe ngarkohet me p\u00ebrgjegj\u00ebsin\u00eb e mosplot\u00ebsimit t\u00eb sakt\u00eb, pasi nuk ka deklaruar faktin se v\u00ebllai i bashk\u00ebshortes s\u00eb tij ka qen\u00eb i proceduar penalisht p\u00ebr vepr\u00ebn penale t\u00eb shitjes s\u00eb l\u00ebnd\u00ebve narkotike n\u00eb shtetin italian, as shkembimin e pasuris\u00eb me persona t\u00eb p\u00ebrfshir\u00eb n\u00eb krimin e organizuar\u2019.<\/p>\n<p><img decoding=\"async\" src=\"https:\/\/www.syri.net\/uploads\/syri.net\/images\/2019\/September\/12\/auto_Screenshot_2-381568287710.png\" alt=\"Image\" \/><\/p>\n<p>Po ashtu, komisionerja e pakic\u00ebs konstaton se \u2018Subjekti i rivler\u00ebsimit nuk provon bindsh\u00ebm se s\u2019ka qen\u00eb n\u00eb dijeni t\u00eb faktit se v\u00ebllai i bashk\u00ebshortes s\u00eb tij, shtetasi E.V., ka qen\u00eb i proceduar penalisht n\u00eb shtetin italian dhe me argumentet e dh\u00ebn\u00eb n\u00eb drejtim t\u00eb shfaj\u00ebsimit apo t\u00eb padijenis\u00eb, nuk provoi me motive apo argumente, zhveshjen nga kjo p\u00ebrgjegj\u00ebsi\u2019.<\/p>\n<p>N\u00eb konkluzion t\u00eb analiz\u00ebs s\u00eb saj, komisionerja Xhensila Pine ka votuar p\u00ebr shkarkimin e subjektit t\u00eb rivler\u00ebsimit, z. Klodian Braho, me detyr\u00eb prokuror pran\u00eb Prokuroris\u00eb s\u00eb Krimeve t\u00eb R\u00ebnda Tiran\u00eb.<\/p>\n<p>Q\u00ebndrimi i saj nuk \u00ebsht\u00eb mb\u00ebshtetur nga dy koleg\u00ebt e tjer\u00eb t\u00eb trup\u00ebs s\u00eb Komisionit t\u00eb Pavarur t\u00eb Kualifikimit, t\u00eb cil\u00ebs, me shumic\u00eb votash, kan\u00eb vendosur konfirmimin n\u00eb detyr\u00eb t\u00eb prokurorit Klodian Braho.<\/p>","protected":false},"excerpt":{"rendered":"<p>Nga Boldnews.al Komisioni i Pavarur i Kualifikimit (KPK) ka \u2018mbyllur syt\u00eb\u2019 para disa transaksioneve q\u00eb bashk\u00ebshortja e prokurorit t\u00eb Krimeve t\u00eb R\u00ebnda, Klodian Braho, ka kryer me v\u00ebllain e saj, E.V, i arrestuar dhe d\u00ebnuar n\u00eb Itali p\u00ebr trafik droge. KPK konfirmoi n\u00eb detyr\u00eb subjektin Braho, aktualisht zv.drejtues i Prokuroris\u00eb p\u00ebr Krime t\u00eb R\u00ebnda, me [&hellip;]<\/p>\n","protected":false},"author":2013,"featured_media":106304,"comment_status":"open","ping_status":"closed","sticky":false,"template":"","format":"standard","meta":{"footnotes":""},"categories":[241,235],"tags":[],"class_list":{"0":"post-106303","1":"post","2":"type-post","3":"status-publish","4":"format-standard","5":"has-post-thumbnail","7":"category-aktualitet","8":"category-vendi"},"_links":{"self":[{"href":"https:\/\/zjarr.tv\/en\/wp-json\/wp\/v2\/posts\/106303","targetHints":{"allow":["GET"]}}],"collection":[{"href":"https:\/\/zjarr.tv\/en\/wp-json\/wp\/v2\/posts"}],"about":[{"href":"https:\/\/zjarr.tv\/en\/wp-json\/wp\/v2\/types\/post"}],"author":[{"embeddable":true,"href":"https:\/\/zjarr.tv\/en\/wp-json\/wp\/v2\/users\/2013"}],"replies":[{"embeddable":true,"href":"https:\/\/zjarr.tv\/en\/wp-json\/wp\/v2\/comments?post=106303"}],"version-history":[{"count":0,"href":"https:\/\/zjarr.tv\/en\/wp-json\/wp\/v2\/posts\/106303\/revisions"}],"wp:featuredmedia":[{"embeddable":true,"href":"https:\/\/zjarr.tv\/en\/wp-json\/wp\/v2\/media\/106304"}],"wp:attachment":[{"href":"https:\/\/zjarr.tv\/en\/wp-json\/wp\/v2\/media?parent=106303"}],"wp:term":[{"taxonomy":"category","embeddable":true,"href":"https:\/\/zjarr.tv\/en\/wp-json\/wp\/v2\/categories?post=106303"},{"taxonomy":"post_tag","embeddable":true,"href":"https:\/\/zjarr.tv\/en\/wp-json\/wp\/v2\/tags?post=106303"}],"curies":[{"name":"wp","href":"https:\/\/api.w.org\/{rel}","templated":true}]}}