{"id":106309,"date":"2019-09-12T13:48:08","date_gmt":"2019-09-12T11:48:08","guid":{"rendered":"https:\/\/zjarr.tv\/?p=106309"},"modified":"2019-09-12T13:48:08","modified_gmt":"2019-09-12T11:48:08","slug":"pr-ligji-per-ppp-e-rrugeve-hajdari-prokuroria-te-nise-hetimet-afere-korruptive","status":"publish","type":"post","link":"https:\/\/zjarr.tv\/en\/pr-ligji-per-ppp-e-rrugeve-hajdari-prokuroria-te-nise-hetimet-afere-korruptive\/","title":{"rendered":"Pr\/ligji p\u00ebr PPP e rrug\u00ebve, Hajdari: Prokuroria t\u00eb nis\u00eb hetimet, afer\u00eb korruptive"},"content":{"rendered":"<p>Deputetja opozitare Rudina Hajdari nga foltorja e Kuvendit i b\u00ebri thirrje prokuroris\u00eb q\u00eb t\u00eb nis\u00eb hetimet p\u00ebr pr\/ligjin p\u00ebr koncesionet e rrug\u00ebve; Milot-Balldren dhe Orikum-Dukat.<\/p>\n<div id=\"sovrn\" class=\"desktop_ad ad_bottom_space\"><ins><\/p>\n<div id=\"beacon_ed0af5b6eb\"><img loading=\"lazy\" decoding=\"async\" src=\"https:\/\/ads.balkanweb.com\/www\/delivery\/lg.php?bannerid=0&amp;campaignid=0&amp;zoneid=426&amp;loc=https%3A%2F%2Fbalkanweb.com%2Fpr-ligji-per-ppp-e-rrugeve-hajdari-prokuroria-te-nise-hetimet-afere-korruptive%2F&amp;referer=https%3A%2F%2Fbalkanweb.com%2Fkategoria%2Fshqiperia%2F&amp;cb=ed0af5b6eb\" alt=\"\" width=\"0\" height=\"0\" \/><\/div>\n<p><\/ins><\/div>\n<p>Sipas Hajdarit, nuk ka pasur nj\u00eb gar\u00eb p\u00ebr PPP-n\u00eb pasi ka qen\u00eb pa konkurs, nd\u00ebrsa shtoi se po favorizohen disa kompani.<\/p>\n<p>\u201cP\u00ebr shkak se dekreti kan\u00eb problemet e tyre t\u00eb hapura me ligjet, si jan\u00eb shkruar, hartuar dhe kaluar n\u00eb kuvend. K\u00ebto dy pr\/ligje jan\u00eb futur n\u00eb m\u00ebnyr\u00eb t\u00eb p\u00ebrshpejtuar. Jan\u00eb futur pa konkurrenc\u00eb, duke anashkaluar ligjin e PPP-ve dhe p\u00ebrgjegj\u00ebsin\u00eb p\u00ebr t\u00eb eliminuar k\u00ebrkesat e pak\u00ebrkuara. Qeveria Rama po k\u00ebrkon q\u00eb t\u00eb b\u00ebhen PPP p\u00ebr k\u00ebto dy rrug\u00eb pa konkurs. Pse u futen k\u00ebto dy ligje n\u00eb seanc\u00ebn e fundit plenare? Kjo \u00ebsht\u00eb pjes\u00eb e nj\u00eb plani. Prokuroria duhet t\u00eb hetoj\u00eb afer\u00ebn korruptive. N\u00ebse Prokuroria e P\u00ebrgjithshme nuk merret, ne duhet t\u00eb denoncojm\u00eb k\u00ebto ligje, q\u00eb nga ligji Fusha, deri tek k\u00ebto dy rrug\u00eb. N\u00ebse ne do t\u00eb respektojm\u00eb ligjin, duhet t\u00eb kemi vet\u00ebm 1 standard\u201d, tha Hajdari.<\/p>","protected":false},"excerpt":{"rendered":"<p>Deputetja opozitare Rudina Hajdari nga foltorja e Kuvendit i b\u00ebri thirrje prokuroris\u00eb q\u00eb t\u00eb nis\u00eb hetimet p\u00ebr pr\/ligjin p\u00ebr koncesionet e rrug\u00ebve; Milot-Balldren dhe Orikum-Dukat. Sipas Hajdarit, nuk ka pasur nj\u00eb gar\u00eb p\u00ebr PPP-n\u00eb pasi ka qen\u00eb pa konkurs, nd\u00ebrsa shtoi se po favorizohen disa kompani. \u201cP\u00ebr shkak se dekreti kan\u00eb problemet e tyre t\u00eb [&hellip;]<\/p>\n","protected":false},"author":2013,"featured_media":106306,"comment_status":"open","ping_status":"closed","sticky":false,"template":"","format":"standard","meta":{"footnotes":""},"categories":[241,235],"tags":[],"class_list":{"0":"post-106309","1":"post","2":"type-post","3":"status-publish","4":"format-standard","5":"has-post-thumbnail","7":"category-aktualitet","8":"category-vendi"},"_links":{"self":[{"href":"https:\/\/zjarr.tv\/en\/wp-json\/wp\/v2\/posts\/106309","targetHints":{"allow":["GET"]}}],"collection":[{"href":"https:\/\/zjarr.tv\/en\/wp-json\/wp\/v2\/posts"}],"about":[{"href":"https:\/\/zjarr.tv\/en\/wp-json\/wp\/v2\/types\/post"}],"author":[{"embeddable":true,"href":"https:\/\/zjarr.tv\/en\/wp-json\/wp\/v2\/users\/2013"}],"replies":[{"embeddable":true,"href":"https:\/\/zjarr.tv\/en\/wp-json\/wp\/v2\/comments?post=106309"}],"version-history":[{"count":0,"href":"https:\/\/zjarr.tv\/en\/wp-json\/wp\/v2\/posts\/106309\/revisions"}],"wp:featuredmedia":[{"embeddable":true,"href":"https:\/\/zjarr.tv\/en\/wp-json\/wp\/v2\/media\/106306"}],"wp:attachment":[{"href":"https:\/\/zjarr.tv\/en\/wp-json\/wp\/v2\/media?parent=106309"}],"wp:term":[{"taxonomy":"category","embeddable":true,"href":"https:\/\/zjarr.tv\/en\/wp-json\/wp\/v2\/categories?post=106309"},{"taxonomy":"post_tag","embeddable":true,"href":"https:\/\/zjarr.tv\/en\/wp-json\/wp\/v2\/tags?post=106309"}],"curies":[{"name":"wp","href":"https:\/\/api.w.org\/{rel}","templated":true}]}}