{"id":106312,"date":"2019-09-12T13:49:16","date_gmt":"2019-09-12T11:49:16","guid":{"rendered":"https:\/\/zjarr.tv\/?p=106312"},"modified":"2019-09-12T13:49:16","modified_gmt":"2019-09-12T11:49:16","slug":"nuk-ka-marreveshje-me-molle-pjeshke-ngjala-majko-politika-eshte-matematike-hiqni-dore-nga-batutat","status":"publish","type":"post","link":"https:\/\/zjarr.tv\/en\/nuk-ka-marreveshje-me-molle-pjeshke-ngjala-majko-politika-eshte-matematike-hiqni-dore-nga-batutat\/","title":{"rendered":"\u201cNuk ka marr\u00ebveshje me moll\u00eb, pjeshk\u00eb, ngjala\u201d Majko: Politika \u00ebsht\u00eb matematik\u00eb, hiqni dor\u00eb nga batutat"},"content":{"rendered":"<p>\u201cMe moll\u00eb, pjeshk\u00eb, ngjala, hamburger nuk mund t\u00eb b\u00ebjm\u00eb marr\u00ebveshje\u201d k\u00ebshtu u shpreh sot n\u00eb seanc\u00eb plenare, ministri p\u00ebr diaspor\u00ebn Pandeli Majko, nd\u00ebrsa k\u00ebrkoi nga opozita n\u00eb sall\u00eb t\u00eb ler\u00eb m\u00ebnjan\u00eb batutat.<\/p>\n<div id=\"sovrn\" class=\"desktop_ad ad_bottom_space\"><ins><\/p>\n<div id=\"beacon_cf49eaf6b9\"><img loading=\"lazy\" decoding=\"async\" src=\"https:\/\/ads.balkanweb.com\/www\/delivery\/lg.php?bannerid=0&amp;campaignid=0&amp;zoneid=426&amp;loc=https%3A%2F%2Fbalkanweb.com%2Fnuk-ka-marreveshje-me-molle-pjeshke-ngjala-majko-politika-eshte-matematike-hiqni-dore-nga-batutat%2F&amp;referer=https%3A%2F%2Fbalkanweb.com%2Fkategoria%2Fshqiperia%2F&amp;cb=cf49eaf6b9\" alt=\"\" width=\"0\" height=\"0\" \/><\/div>\n<p><\/ins><\/div>\n<p>\u201cUn\u00eb e mora fjal\u00ebn p\u00ebr t\u00eb b\u00ebr\u00eb nj\u00eb koment p\u00ebr k\u00ebt\u00eb marr\u00ebveshje me Kanadan\u00eb. Nuk jan\u00eb marr\u00ebveshje t\u00eb lehta, kan\u00eb kosto t\u00eb madhe, por ajo q\u00eb doja t\u00eb n\u00ebnvizoja\u2026 kan\u00eb nj\u00eb r\u00ebnd\u00ebsi sepse krijohen hap\u00ebsira ligjore p\u00ebr mbrojtjen e emigranteve tan\u00eb.<\/p>\n<p>P\u00ebr sa i takon marr\u00ebveshjes, ne fund fare kjo \u00ebsht\u00eb nj\u00eb histori qe na takon ne, kostot dhe vlerat do ti fitojm\u00eb ne.\u00a0 P\u00ebr ju \u00ebsht\u00eb e r\u00ebnd\u00ebsishme q\u00eb \u00e7far\u00ebdolloj marr\u00ebveshje q\u00eb do t\u00eb diskutohet, jasht\u00eb k\u00ebsaj salle, politika \u00ebsht\u00eb matematik\u00eb do vij\u00eb n\u00eb k\u00ebt\u00eb sall\u00eb, duhet vota juaj pa vot\u00ebn tuaj nuk ratifikojm\u00eb asgj\u00eb. Me moll\u00eb, pjeshk\u00eb, ngjala, hamburger me ca t\u00eb doni. Z\u00ebvend\u00ebsuesit n\u00eb sport kan\u00eb b\u00ebr\u00eb historin\u00eb, k\u00ebt\u00eb nuk e kan\u00eb b\u00ebr\u00eb as me batuta, as sharje, por akte dhe loj\u00eb t\u00eb ndershme\u201d, tha Majko.<\/p>","protected":false},"excerpt":{"rendered":"<p>\u201cMe moll\u00eb, pjeshk\u00eb, ngjala, hamburger nuk mund t\u00eb b\u00ebjm\u00eb marr\u00ebveshje\u201d k\u00ebshtu u shpreh sot n\u00eb seanc\u00eb plenare, ministri p\u00ebr diaspor\u00ebn Pandeli Majko, nd\u00ebrsa k\u00ebrkoi nga opozita n\u00eb sall\u00eb t\u00eb ler\u00eb m\u00ebnjan\u00eb batutat. \u201cUn\u00eb e mora fjal\u00ebn p\u00ebr t\u00eb b\u00ebr\u00eb nj\u00eb koment p\u00ebr k\u00ebt\u00eb marr\u00ebveshje me Kanadan\u00eb. Nuk jan\u00eb marr\u00ebveshje t\u00eb lehta, kan\u00eb kosto t\u00eb madhe, [&hellip;]<\/p>\n","protected":false},"author":2013,"featured_media":56318,"comment_status":"open","ping_status":"closed","sticky":false,"template":"","format":"standard","meta":{"footnotes":""},"categories":[241,235],"tags":[],"class_list":{"0":"post-106312","1":"post","2":"type-post","3":"status-publish","4":"format-standard","5":"has-post-thumbnail","7":"category-aktualitet","8":"category-vendi"},"_links":{"self":[{"href":"https:\/\/zjarr.tv\/en\/wp-json\/wp\/v2\/posts\/106312","targetHints":{"allow":["GET"]}}],"collection":[{"href":"https:\/\/zjarr.tv\/en\/wp-json\/wp\/v2\/posts"}],"about":[{"href":"https:\/\/zjarr.tv\/en\/wp-json\/wp\/v2\/types\/post"}],"author":[{"embeddable":true,"href":"https:\/\/zjarr.tv\/en\/wp-json\/wp\/v2\/users\/2013"}],"replies":[{"embeddable":true,"href":"https:\/\/zjarr.tv\/en\/wp-json\/wp\/v2\/comments?post=106312"}],"version-history":[{"count":0,"href":"https:\/\/zjarr.tv\/en\/wp-json\/wp\/v2\/posts\/106312\/revisions"}],"wp:featuredmedia":[{"embeddable":true,"href":"https:\/\/zjarr.tv\/en\/wp-json\/wp\/v2\/media\/56318"}],"wp:attachment":[{"href":"https:\/\/zjarr.tv\/en\/wp-json\/wp\/v2\/media?parent=106312"}],"wp:term":[{"taxonomy":"category","embeddable":true,"href":"https:\/\/zjarr.tv\/en\/wp-json\/wp\/v2\/categories?post=106312"},{"taxonomy":"post_tag","embeddable":true,"href":"https:\/\/zjarr.tv\/en\/wp-json\/wp\/v2\/tags?post=106312"}],"curies":[{"name":"wp","href":"https:\/\/api.w.org\/{rel}","templated":true}]}}