{"id":106313,"date":"2019-09-12T13:50:20","date_gmt":"2019-09-12T11:50:20","guid":{"rendered":"https:\/\/zjarr.tv\/?p=106313"},"modified":"2019-09-12T13:50:20","modified_gmt":"2019-09-12T11:50:20","slug":"renea-zbarkon-ne-gjirokaster-10-te-ndaluar-per-kanabis","status":"publish","type":"post","link":"https:\/\/zjarr.tv\/en\/renea-zbarkon-ne-gjirokaster-10-te-ndaluar-per-kanabis\/","title":{"rendered":"RENEA zbarkon n\u00eb Gjirokast\u00ebr, 10 t\u00eb ndaluar p\u00ebr kanabis"},"content":{"rendered":"<p>Policia e Gjirokastr\u00ebs n\u00eb bashk\u00ebpunim me forcat RENEA kan\u00eb nd\u00ebrmarr\u00eb nj\u00eb operacion antidrog\u00eb n\u00eb or\u00ebt e para t\u00eb m\u00ebngjesit t\u00eb sot\u00ebm n\u00eb Gjirokast\u00ebr.<\/p>\n<p>Aksioni m\u00ebsohet se \u00ebsht\u00eb i shtrir\u00eb n\u00eb t\u00eb gjith\u00eb qarkun. Burimet flasin p\u00ebr t\u00eb ndaluar n\u00eb Tepelen\u00eb dhe Memaliaj.<\/p>\n<p>Burimet flasin 10 t\u00eb ndaluar n\u00eb Tepelen\u00eb dhe Memaliaj. RTV Ora m\u00ebson se n\u00eb Tepelen\u00eb jan\u00eb arrestuar Edi Ballia, Arb\u00ebr Brahimi, Shp\u00ebtim Brahimi dhe Agron Manka.<\/p>\n<p>Mes t\u00eb arrestuarve \u00ebsht\u00eb edhe Bilbil Shqalashi nga Mirdita, dh\u00ebnd\u00ebr n\u00eb Tepelen\u00eb. T\u00eb gjithe k\u00ebta shtetas kan\u00eb pasur precendent t\u00eb m\u00ebparsh\u00ebm penal.<\/p>\n<p>Ndaj tyre r\u00ebndon akuza p\u00ebr grup t\u00eb strukturuar kriminal dhe prodhimin e shitje t\u00eb l\u00ebnd\u00ebve narkotike.<\/p>\n<p>Po k\u00ebshtu gjat\u00eb kontrollit, n\u00eb dy banesa jan\u00eb gjetur dhe sekuestruar 40 rr\u00ebnj\u00eb kanabis. Policia ka shoq\u00ebruar n\u00eb komisariat shtetaset Shk\u00eblqime Rabaj dhe Bajame Toto, n\u00eb banesat e t\u00eb cilave u gjet droga.<\/p>\n<p>Nj\u00ebra prej tyre m\u00ebsohet se \u00ebsht\u00eb e moshuar, mbi 65 vje\u00e7.<\/p>","protected":false},"excerpt":{"rendered":"<p>Policia e Gjirokastr\u00ebs n\u00eb bashk\u00ebpunim me forcat RENEA kan\u00eb nd\u00ebrmarr\u00eb nj\u00eb operacion antidrog\u00eb n\u00eb or\u00ebt e para t\u00eb m\u00ebngjesit t\u00eb sot\u00ebm n\u00eb Gjirokast\u00ebr. Aksioni m\u00ebsohet se \u00ebsht\u00eb i shtrir\u00eb n\u00eb t\u00eb gjith\u00eb qarkun. Burimet flasin p\u00ebr t\u00eb ndaluar n\u00eb Tepelen\u00eb dhe Memaliaj. Burimet flasin 10 t\u00eb ndaluar n\u00eb Tepelen\u00eb dhe Memaliaj. RTV Ora m\u00ebson se [&hellip;]<\/p>\n","protected":false},"author":2013,"featured_media":106315,"comment_status":"open","ping_status":"closed","sticky":false,"template":"","format":"standard","meta":{"footnotes":""},"categories":[241,235],"tags":[],"class_list":{"0":"post-106313","1":"post","2":"type-post","3":"status-publish","4":"format-standard","5":"has-post-thumbnail","7":"category-aktualitet","8":"category-vendi"},"_links":{"self":[{"href":"https:\/\/zjarr.tv\/en\/wp-json\/wp\/v2\/posts\/106313","targetHints":{"allow":["GET"]}}],"collection":[{"href":"https:\/\/zjarr.tv\/en\/wp-json\/wp\/v2\/posts"}],"about":[{"href":"https:\/\/zjarr.tv\/en\/wp-json\/wp\/v2\/types\/post"}],"author":[{"embeddable":true,"href":"https:\/\/zjarr.tv\/en\/wp-json\/wp\/v2\/users\/2013"}],"replies":[{"embeddable":true,"href":"https:\/\/zjarr.tv\/en\/wp-json\/wp\/v2\/comments?post=106313"}],"version-history":[{"count":0,"href":"https:\/\/zjarr.tv\/en\/wp-json\/wp\/v2\/posts\/106313\/revisions"}],"wp:featuredmedia":[{"embeddable":true,"href":"https:\/\/zjarr.tv\/en\/wp-json\/wp\/v2\/media\/106315"}],"wp:attachment":[{"href":"https:\/\/zjarr.tv\/en\/wp-json\/wp\/v2\/media?parent=106313"}],"wp:term":[{"taxonomy":"category","embeddable":true,"href":"https:\/\/zjarr.tv\/en\/wp-json\/wp\/v2\/categories?post=106313"},{"taxonomy":"post_tag","embeddable":true,"href":"https:\/\/zjarr.tv\/en\/wp-json\/wp\/v2\/tags?post=106313"}],"curies":[{"name":"wp","href":"https:\/\/api.w.org\/{rel}","templated":true}]}}